{"id":9414,"date":"2019-02-02T14:27:48","date_gmt":"2019-02-02T12:27:48","guid":{"rendered":"http:\/\/www.maxschoenherr.de\/clock\/?p=9414"},"modified":"2019-02-04T12:11:55","modified_gmt":"2019-02-04T10:11:55","slug":"productionpartner-walter","status":"publish","type":"post","link":"https:\/\/www.maxschoenherr.de\/clock\/productionpartner-walter\/","title":{"rendered":"productionpartner | walter"},"content":{"rendered":"\n<p>dieser cartoon schm\u00fcckt das intro der aktuellen ausgabe der fachzeitschrift  \u2192 <a href=\"https:\/\/www.production-partner.de\/\">production partner<\/a>. gezeichnet hat ihn \u2192 <a href=\"http:\/\/www.schnabulak24.de\">denis metz<\/a>. es ist eine von der reaktion initiierte hommage an ihren langj\u00e4hrigen chefredakteur walter wehrhan, der jetzt in den ruhestand ging.<\/p>\n\n\n\n<figure class=\"wp-block-image\"><img loading=\"lazy\" decoding=\"async\" width=\"756\" height=\"1024\" src=\"http:\/\/www.maxschoenherr.de\/clock\/wp-content\/uploads\/2019\/02\/denisMetz_walterWehrhan-756x1024.jpg\" alt=\"\" class=\"wp-image-9415\" srcset=\"https:\/\/www.maxschoenherr.de\/clock\/wp-content\/uploads\/2019\/02\/denisMetz_walterWehrhan-756x1024.jpg 756w, https:\/\/www.maxschoenherr.de\/clock\/wp-content\/uploads\/2019\/02\/denisMetz_walterWehrhan-222x300.jpg 222w, https:\/\/www.maxschoenherr.de\/clock\/wp-content\/uploads\/2019\/02\/denisMetz_walterWehrhan-768x1040.jpg 768w, https:\/\/www.maxschoenherr.de\/clock\/wp-content\/uploads\/2019\/02\/denisMetz_walterWehrhan.jpg 800w\" sizes=\"auto, (max-width: 756px) 100vw, 756px\" \/><figcaption><em>walter wehrhan, von denis metz<\/em><br \/><br \/><\/figcaption><\/figure>\n\n\n\n<p>ich lernte walter \u2013 der genauso aussah wie in dem cartoon \u2013 um das jahr 1993 herum kennen. damals war die zeitschrift nicht auf professionelle beleuchtung konzentriert, sondern viel breiter aufgestellt. ich las da mikrofon-tests mit exakten frequenzkurven. eine sehr technische zeitschrift, die mir gefiel. randvoll mit werbeanzeigen, jedoch nie die werbeanzeige nah an einem dazu passenden redaktionellen beitrag. ich rief die redaktion damals an, weil ich ein thema hatte (wei\u00df nicht mehr welches), das f\u00fcr den rundfunk zu speziell gewesen w\u00e4re, und walter sagte: prima, und komm doch mal in rodenkirchen beim musik-media-verlag vorbei.<\/p>\n\n\n\n<p>es entstand eine fast bilderbuchm\u00e4\u00dfige zusammenarbeit. ich konnte in dem magazin themen \u00fcber computeranimation, berichte vom trickfilmfestival, der siggraph, rezensionen von CD-ROMS und musiksoftware und vieles mehr unterbringen. die zeitschrift war finanziell gut ausgestattet, finanzierte die reisen mit, zahlte ordentliche zeilenhonorare. das blatt war in der szene eine solche autorit\u00e4t, dass mich PR-personen von zum beispiel silicon graphics anriefen, ob ich nicht gegen extra-bezahlung, luxus\u00fcbernachtungen, freie kost studios portraitieren wolle, wo die SGI-maschinen herumstanden. ich war in dieser sache naiv und schockiert und erz\u00e4hlte das walter, der meinte, das sei leider branchen\u00fcblich.<\/p>\n\n\n\n<div class=\"wp-block-image\"><figure class=\"aligncenter is-resized\"><img loading=\"lazy\" decoding=\"async\" src=\"https:\/\/upload.wikimedia.org\/wikipedia\/commons\/thumb\/d\/d8\/Harm_Lagaay_2004.jpg\/1024px-Harm_Lagaay_2004.jpg\" alt=\"https:\/\/upload.wikimedia.org\/wikipedia\/commons\/thumb\/d\/d8\/Harm_Lagaay_2004.jpg\/1024px-Harm_Lagaay_2004.jpg\" width=\"297\" height=\"223\"\/><figcaption><em>harm lagaay. foto: ms\/wikimedia commons<\/em><\/figcaption><\/figure><\/div>\n\n\n\n<p>weil mich irgendwann die NURBS-kurve im damals neuen porsche mit den &#8222;spiegelei&#8220;-scheinwerfern faszinierte, besuchte ich f\u00fcr den production partner 2004 die designabteilung von porsche und interviewte ihren chef, <a href=\"https:\/\/de.wikipedia.org\/wiki\/Harm_Lagaay\">harm lagaay<\/a>. es wurde ein gro\u00dfartiger artikel, der so vieles umfasste, unter anderem fr\u00fchere designs\u00fcnden, die lagaay einr\u00e4umte, die probleme mit den spaltma\u00dfen bei der fertigung, den mischbetrieb von zeichnern, modellbauern und 3D-grafikern usw.<\/p>\n\n\n\n<p>etwa um die zeit strukturierte sich der verlag und damit auch die zeitschrift um. der markt f\u00fcr fachzeitschriften wurden wegen wegbrechenden werbekunden und vor allem wegen des internets sehr schwierig. man fragte mich, ob ich redaktionell fest einsteigen wolle, was mir aber nicht lag. man bat mich, mich intensiv an der aufbauphase eines neuen musiksoft- und hardware-magazin namens \u2192 <a href=\"https:\/\/www.soundandrecording.de\/\">sound &amp; recording<\/a> zu beteiligen, was ich gern zusagte. f\u00fcr die erste ausgabe fuhr ich nach brighton und portraitierte mit zahlreichen fotos auf ca. f\u00fcnf seiten text den DJ \u2192 <a href=\"http:\/\/timexile.com\/\">tim exile<\/a>. ich besuchte den programmierer des sehr ungew\u00f6hnlichen software-synthesizers \u2192 <a href=\"https:\/\/de.wikipedia.org\/wiki\/Absynth\">absynth<\/a> brian clevinger in einem dorf bei paris, ich schrieb einen langen artikel anl\u00e4sslich des 15-j\u00e4hrigen bestehens von <a href=\"https:\/\/de.wikipedia.org\/wiki\/Native_Instruments\">native instruments<\/a> in berlin. und einiges mehr.<\/p>\n\n\n\n<p>der production partner mit detlef hoepfner als stellvertretendem chefredakteur konzentrierte sich auf licht- und veranstaltungstechnik \u2013 das blaue heft, w\u00e4hrend die rote ausgabe eingestellt wurde. eine plattform f\u00fcr z. b. meine computeranimations-themen gab es in diesem verlag nicht mehr. mein redakteur bei sound &amp; recording war ein neu eingestellter kollege, mit dem es ca. 2007 zum zerw\u00fcrfnis kam: ich hatte eine neue musiksoftware rezensiert, der pressemann der vertriebsfirma beschwerte sich bei der redaktion \u00fcber meine kritischen anmerkungen zu dem programm und drohte angeblich, die werbeanzeigen auf eis zu legen. statt sich nun hinter mich, den autor zu stellen, knickte der redakteur vor der industrie ein und bot dem software-unternehmen an, im n\u00e4chsten heft einen wiedergutmachungsartikel zu ver\u00f6ffentlichen. den habe selbstverst\u00e4ndlich nicht ich geschrieben. f\u00fcr mich war die zusammenarbeit damit beendet, denn die weitgehende unabh\u00e4ngigkeit von der industrie und die freie, auch kritische berichterstattung waren ja genau meine gr\u00fcnde gewesen, so viel und so gern f\u00fcr den verlag zu schreiben.<\/p>\n\n\n\n<p>walter wehrhan war, als ich ging, in einer zwickm\u00fchle, weil er nat\u00fcrlich den neuen \u2013 und durchaus kompetenten \u2013 redakteur verteidigen musste und sich sozusagen aus der sache heraushielt. das war das letzte mal, dass ich mit ihm sprach, diesem sehr feinen menschen, der jetzt seinen schreibtisch in der redaktion ger\u00e4umt hat, um in rente zu gehen. mit VW-bus.<\/p>\n","protected":false},"excerpt":{"rendered":"<p>dieser cartoon schm\u00fcckt das intro der aktuellen ausgabe der fachzeitschrift \u2192 production partner. gezeichnet hat ihn \u2192 denis metz. es ist eine von der reaktion initiierte hommage an ihren langj\u00e4hrigen chefredakteur walter wehrhan, der jetzt in den ruhestand ging. ich lernte walter \u2013 der genauso aussah wie in dem cartoon \u2013 um das jahr 1993 [&hellip;]<\/p>\n","protected":false},"author":2,"featured_media":0,"comment_status":"closed","ping_status":"closed","sticky":false,"template":"","format":"standard","meta":{"footnotes":""},"categories":[1],"tags":[],"class_list":["post-9414","post","type-post","status-publish","format-standard","hentry","category-allgemein"],"wp-worthy-pixel":{"ignored":false,"public":"ced626e1ab37499ab9a56ba0c2ec5bce","server":"vg05.met.vgwort.de","url":"https:\/\/vg05.met.vgwort.de\/na\/ced626e1ab37499ab9a56ba0c2ec5bce"},"wp-worthy-type":"normal","_links":{"self":[{"href":"https:\/\/www.maxschoenherr.de\/clock\/wp-json\/wp\/v2\/posts\/9414","targetHints":{"allow":["GET"]}}],"collection":[{"href":"https:\/\/www.maxschoenherr.de\/clock\/wp-json\/wp\/v2\/posts"}],"about":[{"href":"https:\/\/www.maxschoenherr.de\/clock\/wp-json\/wp\/v2\/types\/post"}],"author":[{"embeddable":true,"href":"https:\/\/www.maxschoenherr.de\/clock\/wp-json\/wp\/v2\/users\/2"}],"replies":[{"embeddable":true,"href":"https:\/\/www.maxschoenherr.de\/clock\/wp-json\/wp\/v2\/comments?post=9414"}],"version-history":[{"count":9,"href":"https:\/\/www.maxschoenherr.de\/clock\/wp-json\/wp\/v2\/posts\/9414\/revisions"}],"predecessor-version":[{"id":9438,"href":"https:\/\/www.maxschoenherr.de\/clock\/wp-json\/wp\/v2\/posts\/9414\/revisions\/9438"}],"wp:attachment":[{"href":"https:\/\/www.maxschoenherr.de\/clock\/wp-json\/wp\/v2\/media?parent=9414"}],"wp:term":[{"taxonomy":"category","embeddable":true,"href":"https:\/\/www.maxschoenherr.de\/clock\/wp-json\/wp\/v2\/categories?post=9414"},{"taxonomy":"post_tag","embeddable":true,"href":"https:\/\/www.maxschoenherr.de\/clock\/wp-json\/wp\/v2\/tags?post=9414"}],"curies":[{"name":"wp","href":"https:\/\/api.w.org\/{rel}","templated":true}]}}