{"id":9391,"date":"2019-01-28T16:16:00","date_gmt":"2019-01-28T14:16:00","guid":{"rendered":"http:\/\/www.maxschoenherr.de\/clock\/?p=9391"},"modified":"2019-01-31T01:30:01","modified_gmt":"2019-01-30T23:30:01","slug":"dlf-roses-are-red","status":"publish","type":"post","link":"https:\/\/www.maxschoenherr.de\/clock\/dlf-roses-are-red\/","title":{"rendered":"DLF | roses are red"},"content":{"rendered":"\n<figure class=\"wp-block-image\"><img loading=\"lazy\" decoding=\"async\" width=\"1000\" height=\"426\" src=\"http:\/\/www.maxschoenherr.de\/clock\/wp-content\/uploads\/2019\/01\/rosesAreRed.jpg\" alt=\"\" class=\"wp-image-9392\" srcset=\"https:\/\/www.maxschoenherr.de\/clock\/wp-content\/uploads\/2019\/01\/rosesAreRed.jpg 1000w, https:\/\/www.maxschoenherr.de\/clock\/wp-content\/uploads\/2019\/01\/rosesAreRed-300x128.jpg 300w, https:\/\/www.maxschoenherr.de\/clock\/wp-content\/uploads\/2019\/01\/rosesAreRed-768x327.jpg 768w\" sizes=\"auto, (max-width: 1000px) 100vw, 1000px\" \/><figcaption>grafik: ms<\/figcaption><\/figure>\n\n\n\n<p>&#8230; in der reihe &#8222;Das Digitale Logbuch&#8220; in \u2192 <a href=\"https:\/\/www.deutschlandfunk.de\/computer-und-kommunikation.683.de.html\">&#8222;Computer und Kommunikation&#8220;<\/a> im Deutschlandfunk. hier die etwas l\u00e4ngere fassung der am 26. januar 2019 gesendeten bayerischen glosse. nebenbemerkung: ich schrieb unz\u00e4hlig viele glossen, nicht nur f\u00fcr den DLF. eine unter pseudonym publizierte glosse in der damals gerade gestartete computerzeitschrift c\u2018t f\u00fchrte zu einem anzeigenboykott durch apple deutschland. die bayerischen glossen f\u00fcr den DLF entstehen anders als alle anderen, weil ich sie nicht direkt aufschreibe, sondern weil sie sozusagen aus meinem hinterhirn durch meinen mund ins mikro fallen. ich spreche planlos drauf los, fange oft x-mal von vorne an, bis sich die 2-minuten-story langsam konsolidiert und verfestigt und dann \u2013 oft nach einer stunde \u2013 fertig ist. l\u00e4stig ist das abschreiben.<\/p>\n\n\n\n<p>mein hausdialekt ist nicht das ober-nieder-m\u00fcnchen-zugereisten-bayerisch dieser glossen, sondern unterfr\u00e4nkisch. aber \u2013 ich hab\u2018s schon probiert \u2013 auf fr\u00e4nkisch kann ich nicht komisch sein. mit 15 jahren leben mitten in m\u00fcnchen kam das richtige bayerisch irgendwie in meine adern, und hier plumpst es wieder einmal heraus, mit, im hinterkopf, wegen k\u00fcnstlicher intelligenz kauzig werdenden robotern.<\/p>\n\n\n\n<figure class=\"wp-block-audio\"><audio controls src=\"http:\/\/www.maxschoenherr.de\/clock\/wp-content\/uploads\/2019\/01\/Digitales-Logbuch-Violets-are-Blue-Langfassung.mp3\"><\/audio><figcaption><em>das digitale logbuch \u2013 roses are red<\/em><\/figcaption><\/figure>\n\n\n\n<figure class=\"wp-block-image\"><img loading=\"lazy\" decoding=\"async\" width=\"800\" height=\"516\" src=\"http:\/\/www.maxschoenherr.de\/clock\/wp-content\/uploads\/2019\/01\/bayerischesLogbuch.jpg\" alt=\"\" class=\"wp-image-9396\" srcset=\"https:\/\/www.maxschoenherr.de\/clock\/wp-content\/uploads\/2019\/01\/bayerischesLogbuch.jpg 800w, https:\/\/www.maxschoenherr.de\/clock\/wp-content\/uploads\/2019\/01\/bayerischesLogbuch-300x194.jpg 300w, https:\/\/www.maxschoenherr.de\/clock\/wp-content\/uploads\/2019\/01\/bayerischesLogbuch-768x495.jpg 768w\" sizes=\"auto, (max-width: 800px) 100vw, 800px\" \/><\/figure>\n","protected":false},"excerpt":{"rendered":"<p>&#8230; in der reihe &#8222;Das Digitale Logbuch&#8220; in \u2192 &#8222;Computer und Kommunikation&#8220; im Deutschlandfunk. hier die etwas l\u00e4ngere fassung der am 26. januar 2019 gesendeten bayerischen glosse. nebenbemerkung: ich schrieb unz\u00e4hlig viele glossen, nicht nur f\u00fcr den DLF. eine unter pseudonym publizierte glosse in der damals gerade gestartete computerzeitschrift c\u2018t f\u00fchrte zu einem anzeigenboykott durch [&hellip;]<\/p>\n","protected":false},"author":2,"featured_media":0,"comment_status":"closed","ping_status":"closed","sticky":false,"template":"","format":"standard","meta":{"footnotes":""},"categories":[1],"tags":[],"class_list":["post-9391","post","type-post","status-publish","format-standard","hentry","category-allgemein"],"wp-worthy-pixel":{"ignored":false,"public":null,"server":null,"url":null},"wp-worthy-type":"normal","_links":{"self":[{"href":"https:\/\/www.maxschoenherr.de\/clock\/wp-json\/wp\/v2\/posts\/9391","targetHints":{"allow":["GET"]}}],"collection":[{"href":"https:\/\/www.maxschoenherr.de\/clock\/wp-json\/wp\/v2\/posts"}],"about":[{"href":"https:\/\/www.maxschoenherr.de\/clock\/wp-json\/wp\/v2\/types\/post"}],"author":[{"embeddable":true,"href":"https:\/\/www.maxschoenherr.de\/clock\/wp-json\/wp\/v2\/users\/2"}],"replies":[{"embeddable":true,"href":"https:\/\/www.maxschoenherr.de\/clock\/wp-json\/wp\/v2\/comments?post=9391"}],"version-history":[{"count":5,"href":"https:\/\/www.maxschoenherr.de\/clock\/wp-json\/wp\/v2\/posts\/9391\/revisions"}],"predecessor-version":[{"id":9413,"href":"https:\/\/www.maxschoenherr.de\/clock\/wp-json\/wp\/v2\/posts\/9391\/revisions\/9413"}],"wp:attachment":[{"href":"https:\/\/www.maxschoenherr.de\/clock\/wp-json\/wp\/v2\/media?parent=9391"}],"wp:term":[{"taxonomy":"category","embeddable":true,"href":"https:\/\/www.maxschoenherr.de\/clock\/wp-json\/wp\/v2\/categories?post=9391"},{"taxonomy":"post_tag","embeddable":true,"href":"https:\/\/www.maxschoenherr.de\/clock\/wp-json\/wp\/v2\/tags?post=9391"}],"curies":[{"name":"wp","href":"https:\/\/api.w.org\/{rel}","templated":true}]}}