{"id":9292,"date":"2019-01-02T23:45:17","date_gmt":"2019-01-02T21:45:17","guid":{"rendered":"http:\/\/www.maxschoenherr.de\/clock\/?p=9292"},"modified":"2019-01-02T23:45:17","modified_gmt":"2019-01-02T21:45:17","slug":"oeff-rechtlich","status":"publish","type":"post","link":"https:\/\/www.maxschoenherr.de\/clock\/oeff-rechtlich\/","title":{"rendered":"\u00f6ff | rechtlich"},"content":{"rendered":"\n<p><a href=\"https:\/\/www.welt.de\/vermischtes\/article186375130\/Kritik-an-Oeffentlich-Rechtlichen-Mit-Wohlfuehlfernsehen-werden-ARD-und-ZDF-nicht-ueberleben.html\">die  kritik,  die  das  fernsehprogramm  der  \u00f6ffentlich-rechtlichen angeht<\/a>,  kann  ich  nicht  beurteilen,  weil  ich  es  nur  zu  gef\u00fchlten  5%  meiner  TV-zeit  gucke.  allerdings  l\u00e4sst  sich  die  kritik  auch  auf  viele  h\u00f6rfunkkan\u00e4le  \u00fcbertragen.  WDR2  zum  beispiel  h\u00f6rte  sich   am  mittwoch  mittag wie  antenne  bayern  vor  20  jahren  an.  1live  klang  fast  identisch, nur einen ticken weniger hektisch. auf  WDR  3  und 5  senden die  kulturprogramme  deutlich weniger  inhalte  als  vor  5   jahren,  daf\u00fcr  umso  mehr  \u2013  und  auch  umso  gef\u00e4lligere  \u2013  musik.  musik  kostet  einen  bruchteil  eines  von  journalisten  im  klassischen  \u00f6ffentlich-rechtlichen  sinn  erstellten  beitrags. siehe informations-  und  bildungsauftrag.  wenn  nur  der bildungsauftrag im  rundfunkstaatsvertrag  drin  st\u00fcnde  (wie  es  anfangs so  \u00e4hnlich  war)  k\u00f6nnten  alle  sender  einpacken,  weil  sie  immer  mehr  \u2013  und bald  fast  nur  noch  \u2013 unterhaltung  senden. <\/p>\n\n\n\n<p>wie  das  so  gekommen  ist,  h\u00e4ngt vordergr\u00fcndig  mit  fehlspekulationen  der sender und  einsparma\u00dfnahmen  via rundfunkgeb\u00fchren zusammen.  hintergr\u00fcndig  liegt  es  an  der  frequenzgier  der  1980er  jahre: frequenzen  auf  UKW  waren  teuer  und  knapp,  und  wenn  man  eine  hatte,  musste man  sie  f\u00fcllen.  absurd  und  anachronistisch heute,  dass  es  BR  1 bis  5  und  60  (!)  weitere  \u00f6ffentlich-rechtliche  UKW-sender  gibt,  wo  ich  doch l\u00e4ngst spotify  und  wfmu.org  f\u00fcr  (sehr  gute)  musik,  bbc  radio 4 und  den  deutschlandfunk f\u00fcr  fast  nur  \u201eintelligentes  wort\u201c  habe  und  mir  die  h\u00f6rspiele und  features  \u00fcber  podcast-kan\u00e4le  sammeln  kann.<\/p>\n","protected":false},"excerpt":{"rendered":"<p>die kritik, die das fernsehprogramm der \u00f6ffentlich-rechtlichen angeht, kann ich nicht beurteilen, weil ich es nur zu gef\u00fchlten 5% meiner TV-zeit gucke. allerdings l\u00e4sst sich die kritik auch auf viele h\u00f6rfunkkan\u00e4le \u00fcbertragen. WDR2 zum beispiel h\u00f6rte sich am mittwoch mittag wie antenne bayern vor 20 jahren an. 1live klang fast identisch, nur einen ticken weniger [&hellip;]<\/p>\n","protected":false},"author":2,"featured_media":0,"comment_status":"closed","ping_status":"closed","sticky":false,"template":"","format":"standard","meta":{"footnotes":""},"categories":[1],"tags":[],"class_list":["post-9292","post","type-post","status-publish","format-standard","hentry","category-allgemein"],"wp-worthy-pixel":{"ignored":false,"public":null,"server":null,"url":null},"wp-worthy-type":"normal","_links":{"self":[{"href":"https:\/\/www.maxschoenherr.de\/clock\/wp-json\/wp\/v2\/posts\/9292","targetHints":{"allow":["GET"]}}],"collection":[{"href":"https:\/\/www.maxschoenherr.de\/clock\/wp-json\/wp\/v2\/posts"}],"about":[{"href":"https:\/\/www.maxschoenherr.de\/clock\/wp-json\/wp\/v2\/types\/post"}],"author":[{"embeddable":true,"href":"https:\/\/www.maxschoenherr.de\/clock\/wp-json\/wp\/v2\/users\/2"}],"replies":[{"embeddable":true,"href":"https:\/\/www.maxschoenherr.de\/clock\/wp-json\/wp\/v2\/comments?post=9292"}],"version-history":[{"count":1,"href":"https:\/\/www.maxschoenherr.de\/clock\/wp-json\/wp\/v2\/posts\/9292\/revisions"}],"predecessor-version":[{"id":9293,"href":"https:\/\/www.maxschoenherr.de\/clock\/wp-json\/wp\/v2\/posts\/9292\/revisions\/9293"}],"wp:attachment":[{"href":"https:\/\/www.maxschoenherr.de\/clock\/wp-json\/wp\/v2\/media?parent=9292"}],"wp:term":[{"taxonomy":"category","embeddable":true,"href":"https:\/\/www.maxschoenherr.de\/clock\/wp-json\/wp\/v2\/categories?post=9292"},{"taxonomy":"post_tag","embeddable":true,"href":"https:\/\/www.maxschoenherr.de\/clock\/wp-json\/wp\/v2\/tags?post=9292"}],"curies":[{"name":"wp","href":"https:\/\/api.w.org\/{rel}","templated":true}]}}