{"id":909,"date":"2014-02-24T17:46:18","date_gmt":"2014-02-24T15:46:18","guid":{"rendered":"http:\/\/www.maxschoenherr.de\/clock\/?p=909"},"modified":"2014-08-05T16:13:38","modified_gmt":"2014-08-05T14:13:38","slug":"publikumsbeschimpfung-sprechstueck-1966","status":"publish","type":"post","link":"https:\/\/www.maxschoenherr.de\/clock\/publikumsbeschimpfung-sprechstueck-1966\/","title":{"rendered":"publikumsbeschimpfung | sprechst\u00fcck 1966"},"content":{"rendered":"<p style=\"text-align: justify;\">ab dem 8. juni 1966 f\u00fchrte claus peymann in frankfurts theater am turm ein bemerkenswertes theaterst\u00fcck auf &#8211; eigentlich kein theaterst\u00fcck, ein sprechst\u00fcck, denn es wird nicht gespielt, sondern nur gesprochen: <a title=\"publikumsbeschimpfung in der wikipedia\" href=\"https:\/\/de.wikipedia.org\/wiki\/Publikumsbeschimpfung\" target=\"_blank\">publikumsbeschimpfung<\/a> von peter handke. das st\u00fcck ist in voller l\u00e4nge, in einer aufzeichnung des hessischen rundfunks zusammen mit dem norddeutschen rundfunk, bei <a title=\"publikumsbeschimpfung 1966 komplett auf youtube\" href=\"http:\/\/www.youtube.com\/watch?v=duRdDqWKumI\" target=\"_blank\">youtube<\/a> zu sehen. es spricht f\u00fcr die zeit (in der ich selbst zu jung war) b\u00e4nde.<\/p>\n<p style=\"text-align: center;\"><a href=\"http:\/\/www.maxschoenherr.de\/clock\/wp-content\/uploads\/2014\/02\/publikumsbeschimpfung-1966.jpg\"><img loading=\"lazy\" decoding=\"async\" class=\"aligncenter size-full wp-image-910\" src=\"http:\/\/www.maxschoenherr.de\/clock\/wp-content\/uploads\/2014\/02\/publikumsbeschimpfung-1966.jpg\" alt=\"publikumsbeschimpfung-1966\" width=\"800\" height=\"574\" srcset=\"https:\/\/www.maxschoenherr.de\/clock\/wp-content\/uploads\/2014\/02\/publikumsbeschimpfung-1966.jpg 800w, https:\/\/www.maxschoenherr.de\/clock\/wp-content\/uploads\/2014\/02\/publikumsbeschimpfung-1966-300x215.jpg 300w\" sizes=\"auto, (max-width: 800px) 100vw, 800px\" \/><\/a><em>publikumsbeschimpfung, die aufzeichnung am tag nach der premiere in frankfurt 1966 (foto: aus dem mitschnitt)<\/em><\/p>\n<p style=\"text-align: justify;\">zu beginn sehen wir das publikum platz nehmen. trotz des provozierenden titels kein ausschlie\u00dflich studentisch-junges publikum. dann kommt ein mann auf die b\u00fchne und versucht sich vergeblich im regeln der rechtlichen angelegenheiten f\u00fcr die fernsehaufzeichnung: das publikum zischt und mault. dann beginnt das st\u00fcck, \u00fcber eine stunde sprechen die vier schauspieler (<a title=\"michael gruner in der wikipedia\" href=\"https:\/\/de.wikipedia.org\/wiki\/Michael_Gruner\" target=\"_blank\">michael gruner<\/a>, ulrich hass, <a title=\"claus-diester reents in der wikipedia\" href=\"https:\/\/de.wikipedia.org\/wiki\/Claus-Dieter_Reents\" target=\"_blank\">claus-dieter reents<\/a>, <a title=\"r\u00fcdiger vogler in der wikipedia\" href=\"https:\/\/de.wikipedia.org\/wiki\/R%C3%BCdiger_Vogler\" target=\"_blank\">r\u00fcdiger vogel<\/a>) zu sich und ins publikum hinein. nach etwa 1 stunde fangen sie an, zu beschimpfen, zuletzt im rhythmus der damals gerade aufgekommenen beat-musik. sie nennen das publikum all das, was in den zeitgeist und in die aufarbeitung des nationalsozialismus, die damals gerade erst begann, passt:<em> &#8222;ihr j\u00fcdischen gro\u00dfkapitalisten, ihr roten horden, ihr genickschussspezialisten, ihr untermenschen, ihr rotzlecker &#8211; ihr wart die entdeckung des abends.&#8220;<\/em><\/p>\n<p style=\"text-align: justify;\">das st\u00fcck endet mit einer homogenen mischung aus buh-rufen und applaus. nur wenige zuschauer haben den saal w\u00e4hrend der auff\u00fchrung verlassen. viele gesichter sind ratlos.<\/p>\n<p style=\"text-align: justify;\">ich war selbst auf klassenfahrt 1972 in berlin, und einige von uns gingen dort in die publikumsbeschimpfung. vier jahre nach der urauff\u00fchrung war da kaum mehr spannung drin; jedenfalls wusste ich damals um handke und brecht und um die bedeutung abstrakten sprechtheaters, aber es sprang kein funke \u00fcber. ich wei\u00df noch, ich sp\u00fcrte damals, dass ich paar jahre zu sp\u00e4t war. umso spannender fand ich jetzt diesen komplettmitschnitt. der ist auch schwer auszuhalten, in seiner l\u00e4nge, aber aus anderen gr\u00fcnden als 1970 in berlin. handke, der verinnerlicher, war damals noch anders drauf, und, das muss man schon sagen: das st\u00fcck ist f\u00fcr damals meisterhaft.<\/p>\n<p style=\"text-align: justify;\">in dem standbild oben sieht man, wenn man will, die rockgruppe <a title=\"kraftwerk in der wikipedia\" href=\"https:\/\/de.wikipedia.org\/wiki\/Kraftwerk_%28Band%29\" target=\"_blank\">kraftwerk<\/a> anklingen: &#8211; auch vier junge, ernste m\u00e4nner, die sich in viererreihe vors publikum stellten und minimalistisches vortrugen.<\/p>\n<p style=\"text-align: center;\"><a href=\"http:\/\/www.maxschoenherr.de\/clock\/wp-content\/uploads\/2013\/07\/Maike-J\u00fcttendonk-Ulrich-Hass.jpg\"><img loading=\"lazy\" decoding=\"async\" class=\"aligncenter size-full wp-image-117\" src=\"http:\/\/www.maxschoenherr.de\/clock\/wp-content\/uploads\/2013\/07\/Maike-J\u00fcttendonk-Ulrich-Hass.jpg\" alt=\"Maike-J\u00fcttendonk,-Ulrich-Hass\" width=\"500\" height=\"374\" srcset=\"https:\/\/www.maxschoenherr.de\/clock\/wp-content\/uploads\/2013\/07\/Maike-J\u00fcttendonk-Ulrich-Hass.jpg 500w, https:\/\/www.maxschoenherr.de\/clock\/wp-content\/uploads\/2013\/07\/Maike-J\u00fcttendonk-Ulrich-Hass-300x224.jpg 300w\" sizes=\"auto, (max-width: 500px) 100vw, 500px\" \/><\/a><em>maike j\u00fcttendonk und ulrich hass 2013 (foto: maximilian sch\u00f6nherr)<\/em><\/p>\n<p style=\"text-align: justify;\"><strong>PS<\/strong><strong>. <\/strong>ich telefonierte, nachdem ich das schrieb, mit ulrich hass (bild oben; bei einer aufnahme, die ich mit ihm und maike j\u00fcttendonk im sommer 2013 <a title=\"dramolett mit hass und j\u00fcttendonk\" href=\"http:\/\/www.maxschoenherr.de\/clock\/?p=115\" target=\"_blank\">f\u00fcr ein minih\u00f6rspiel<\/a> machte; in dem film ist er der typ, der zum beispiel bei minute 28 eine k\u00fcnstliche lachorgie abl\u00e4sst) und fragte ihn nach dieser vorstellung, die ich f\u00fcr die premiere hielt. es war der tag <em>nach<\/em> der premiere. die premiere selbst endete so euphorisch, dass die crew anschlie\u00dfend feiern ging. ein restaurant in frankfurt wurden sie als revoluzzer nicht eingelassen, sp\u00e4ter ertrank vieles im alkohol. die vier schauspieler wurden von der polizei in u-haft genommen, die vorw\u00fcrfe, so ulrich hass, waren ihnen nicht bekannt. auch peter handke war mit in haft, kam aber in den morgenstunden schon wieder frei. w\u00e4hrend die anderen den tag in der zelle durchschliefen und dann entsprechend gel\u00e4utert den auftritt absolvierten, der in der fernsehaufzeichnung zu sehen ist. schlie\u00dflich fragte ich ulrich hass, wer der typ mit der sonnenbrille war, der am schluss so br\u00fcderlich aus dem publikum auf die b\u00fchne kam: peter handke.<\/p>\n","protected":false},"excerpt":{"rendered":"<p>ab dem 8. juni 1966 f\u00fchrte claus peymann in frankfurts theater am turm ein bemerkenswertes theaterst\u00fcck auf &#8211; eigentlich kein theaterst\u00fcck, ein sprechst\u00fcck, denn es wird nicht gespielt, sondern nur gesprochen: publikumsbeschimpfung von peter handke. das st\u00fcck ist in voller l\u00e4nge, in einer aufzeichnung des hessischen rundfunks zusammen mit dem norddeutschen rundfunk, bei youtube zu [&hellip;]<\/p>\n","protected":false},"author":2,"featured_media":0,"comment_status":"closed","ping_status":"open","sticky":false,"template":"","format":"standard","meta":{"footnotes":""},"categories":[25,248],"tags":[360,362,358,356,359,357,361],"class_list":["post-909","post","type-post","status-publish","format-standard","hentry","category-film","category-historisches","tag-1960er-jahre","tag-68er","tag-experimentelles-theater","tag-handke","tag-kraftwerk","tag-publikum","tag-studentenprotest"],"wp-worthy-pixel":{"ignored":false,"public":"22a7bd29f87242a4b09649267bfe87cb","server":"vg05.met.vgwort.de","url":"https:\/\/vg05.met.vgwort.de\/na\/22a7bd29f87242a4b09649267bfe87cb"},"wp-worthy-type":"normal","_links":{"self":[{"href":"https:\/\/www.maxschoenherr.de\/clock\/wp-json\/wp\/v2\/posts\/909","targetHints":{"allow":["GET"]}}],"collection":[{"href":"https:\/\/www.maxschoenherr.de\/clock\/wp-json\/wp\/v2\/posts"}],"about":[{"href":"https:\/\/www.maxschoenherr.de\/clock\/wp-json\/wp\/v2\/types\/post"}],"author":[{"embeddable":true,"href":"https:\/\/www.maxschoenherr.de\/clock\/wp-json\/wp\/v2\/users\/2"}],"replies":[{"embeddable":true,"href":"https:\/\/www.maxschoenherr.de\/clock\/wp-json\/wp\/v2\/comments?post=909"}],"version-history":[{"count":8,"href":"https:\/\/www.maxschoenherr.de\/clock\/wp-json\/wp\/v2\/posts\/909\/revisions"}],"predecessor-version":[{"id":2550,"href":"https:\/\/www.maxschoenherr.de\/clock\/wp-json\/wp\/v2\/posts\/909\/revisions\/2550"}],"wp:attachment":[{"href":"https:\/\/www.maxschoenherr.de\/clock\/wp-json\/wp\/v2\/media?parent=909"}],"wp:term":[{"taxonomy":"category","embeddable":true,"href":"https:\/\/www.maxschoenherr.de\/clock\/wp-json\/wp\/v2\/categories?post=909"},{"taxonomy":"post_tag","embeddable":true,"href":"https:\/\/www.maxschoenherr.de\/clock\/wp-json\/wp\/v2\/tags?post=909"}],"curies":[{"name":"wp","href":"https:\/\/api.w.org\/{rel}","templated":true}]}}