{"id":882,"date":"2014-02-19T14:16:09","date_gmt":"2014-02-19T12:16:09","guid":{"rendered":"http:\/\/www.maxschoenherr.de\/clock\/?p=882"},"modified":"2014-08-05T16:14:26","modified_gmt":"2014-08-05T14:14:26","slug":"882","status":"publish","type":"post","link":"https:\/\/www.maxschoenherr.de\/clock\/882\/","title":{"rendered":"krawinkel ist tot | trio war 1982 einzigartig"},"content":{"rendered":"<p style=\"text-align: center;\"><a href=\"http:\/\/www.maxschoenherr.de\/clock\/wp-content\/uploads\/2014\/02\/Trio1982.jpg\"><img loading=\"lazy\" decoding=\"async\" class=\"aligncenter size-full wp-image-883\" src=\"http:\/\/www.maxschoenherr.de\/clock\/wp-content\/uploads\/2014\/02\/Trio1982.jpg\" alt=\"Trio1982\" width=\"800\" height=\"584\" srcset=\"https:\/\/www.maxschoenherr.de\/clock\/wp-content\/uploads\/2014\/02\/Trio1982.jpg 800w, https:\/\/www.maxschoenherr.de\/clock\/wp-content\/uploads\/2014\/02\/Trio1982-300x219.jpg 300w\" sizes=\"auto, (max-width: 800px) 100vw, 800px\" \/><\/a><em>trio, um 1982. kalle krawinkel, peter behrens, stephan remmler<\/em><\/p>\n<p style=\"text-align: justify;\"><a title=\"Kralle Krawinkel wiki\" href=\"https:\/\/de.wikipedia.org\/wiki\/Kralle_Krawinkel\" target=\"_blank\">kralle krawinkel<\/a>, gitarrist von trio, links im foto, starb letzte woche (an lungenkrebs). er war 66. ich kann keinen nachruf schreiben, aber mir f\u00e4llt ein, wie ich die band, eben das trio <a title=\"trio in der wikipedia\" href=\"https:\/\/de.wikipedia.org\/wiki\/Trio_%28Band%29\" target=\"_blank\">trio<\/a>, erstmals und das einzige mal live auftreten sah, n\u00e4mlich 1982 in einem m\u00fcnchner club namens <strong>why not<\/strong>. das <em>why not<\/em> war bis in die fr\u00fchen morgenstunden ge\u00f6ffnet, wurde von vielen mit starkem kokain-konsum assiziiert, war k\u00fchl eingerichtet, mit chrom-elementen, wei\u00df, hell, und einer kleinen tanzfl\u00e4che. auf der stand am fr\u00fchen abend trio, mit umh\u00e4ngtrommel, umh\u00e4nggitarre und kleinem casio-keyboard. trio war kaum bekannt, trat nie auf b\u00fchnen auf, aber tags\u00fcber in plattenl\u00e4den und abends, wie hier, in clubs. die <a title=\"z\u00fcndfunk in der wikipedia\" href=\"https:\/\/de.wikipedia.org\/wiki\/Z%C3%BCndfunk\" target=\"_blank\">z\u00fcndfunk<\/a>-musikmoderatoren, also auch ich, waren von der plattenfirma eingeladen worden, dort hin zu kommen. f\u00fcrs why not-normalpublikum war es zu fr\u00fch, der club war schwach besetzt mit, gef\u00fchlt, 20 leuten.<\/p>\n<p style=\"text-align: justify;\">wir waren punk gewohnt, der new wave war neu und frisch. ich habe in der zeit viele bands gesehen, u. a. das deutsche debut von <a title=\"the cure in der wikipedia\" href=\"https:\/\/de.wikipedia.org\/wiki\/The_Cure\" target=\"_blank\">the cure<\/a>, einige von uns hatten die <a title=\"sex pistols in der wikipedia\" href=\"https:\/\/de.wikipedia.org\/wiki\/Trio_%28Band%29\" target=\"_blank\">sex pistols<\/a> live erlebt. die logos \u00e4hnelten \u00fcbrigens denen von trio: karg, schmutzig, schwarzwei\u00df. bei trio stand sogar die privatadresse dabei.<\/p>\n<p style=\"text-align: left;\"><a href=\"http:\/\/www.maxschoenherr.de\/clock\/wp-content\/uploads\/2014\/02\/logos_TheCure_SexPistols_Trio.jpg\"><img loading=\"lazy\" decoding=\"async\" class=\"aligncenter size-full wp-image-885\" src=\"http:\/\/www.maxschoenherr.de\/clock\/wp-content\/uploads\/2014\/02\/logos_TheCure_SexPistols_Trio.jpg\" alt=\"logos_TheCure_SexPistols_Trio\" width=\"656\" height=\"220\" srcset=\"https:\/\/www.maxschoenherr.de\/clock\/wp-content\/uploads\/2014\/02\/logos_TheCure_SexPistols_Trio.jpg 656w, https:\/\/www.maxschoenherr.de\/clock\/wp-content\/uploads\/2014\/02\/logos_TheCure_SexPistols_Trio-300x100.jpg 300w\" sizes=\"auto, (max-width: 656px) 100vw, 656px\" \/><\/a><\/p>\n<p style=\"text-align: justify;\">das konzert von trio 1982 im<em> why not<\/em> kann man kaum konzert nennen. es war ein bewusst lustloses herunterdreschen von einigen sehr kurzen songs, wobei <a title=\"da da da in der wikipedia\" href=\"https:\/\/de.wikipedia.org\/wiki\/Da_Da_Da_ich_lieb_dich_nicht_du_liebst_mich_nicht_aha_aha_aha\" target=\"_blank\">da da da<\/a> hervorstach. es brachte das, was sowieso die null-message der band war, nochmal auf den punkt. wir waren begeistert. ich w\u00fcrde r\u00fcckblickend sagen: es war das angenehm humorloseste schmuckloseste konzert, das ich je sah.<\/p>\n<p style=\"text-align: justify;\">was ich damals erstmals erlebte (sp\u00e4ter dann noch einige male, heute aber gar nicht mehr), war, dass die gruppe von der b\u00fchne ging und uns, dem publikum, ohne ein wort klar machte: eine zugabe wird es nicht geben. logisch. es gab auch keine. das trio verschwand, und wir zogen, sch\u00e4tze ich mal, weiter ins tanzcaf\u00e9, wo es auch damals schon f\u00fcr meinen t\u00fcv-f\u00e4lligen mercedes 200 D\/8 nur schwer einen parkplatz gab.<\/p>\n","protected":false},"excerpt":{"rendered":"<p>trio, um 1982. kalle krawinkel, peter behrens, stephan remmler kralle krawinkel, gitarrist von trio, links im foto, starb letzte woche (an lungenkrebs). er war 66. ich kann keinen nachruf schreiben, aber mir f\u00e4llt ein, wie ich die band, eben das trio trio, erstmals und das einzige mal live auftreten sah, n\u00e4mlich 1982 in einem m\u00fcnchner [&hellip;]<\/p>\n","protected":false},"author":2,"featured_media":0,"comment_status":"closed","ping_status":"open","sticky":false,"template":"","format":"standard","meta":{"footnotes":""},"categories":[4],"tags":[331,338,337,334,333,332,335,330,336],"class_list":["post-882","post","type-post","status-publish","format-standard","hentry","category-dramolette","tag-band","tag-casio","tag-disko","tag-muenchen","tag-new-wave","tag-punk","tag-szene","tag-trio","tag-why-not"],"wp-worthy-pixel":{"ignored":false,"public":"6e7862265a4a446b81fcc36086d87b43","server":"vg05.met.vgwort.de","url":"https:\/\/vg05.met.vgwort.de\/na\/6e7862265a4a446b81fcc36086d87b43"},"wp-worthy-type":"normal","_links":{"self":[{"href":"https:\/\/www.maxschoenherr.de\/clock\/wp-json\/wp\/v2\/posts\/882","targetHints":{"allow":["GET"]}}],"collection":[{"href":"https:\/\/www.maxschoenherr.de\/clock\/wp-json\/wp\/v2\/posts"}],"about":[{"href":"https:\/\/www.maxschoenherr.de\/clock\/wp-json\/wp\/v2\/types\/post"}],"author":[{"embeddable":true,"href":"https:\/\/www.maxschoenherr.de\/clock\/wp-json\/wp\/v2\/users\/2"}],"replies":[{"embeddable":true,"href":"https:\/\/www.maxschoenherr.de\/clock\/wp-json\/wp\/v2\/comments?post=882"}],"version-history":[{"count":3,"href":"https:\/\/www.maxschoenherr.de\/clock\/wp-json\/wp\/v2\/posts\/882\/revisions"}],"predecessor-version":[{"id":2551,"href":"https:\/\/www.maxschoenherr.de\/clock\/wp-json\/wp\/v2\/posts\/882\/revisions\/2551"}],"wp:attachment":[{"href":"https:\/\/www.maxschoenherr.de\/clock\/wp-json\/wp\/v2\/media?parent=882"}],"wp:term":[{"taxonomy":"category","embeddable":true,"href":"https:\/\/www.maxschoenherr.de\/clock\/wp-json\/wp\/v2\/categories?post=882"},{"taxonomy":"post_tag","embeddable":true,"href":"https:\/\/www.maxschoenherr.de\/clock\/wp-json\/wp\/v2\/tags?post=882"}],"curies":[{"name":"wp","href":"https:\/\/api.w.org\/{rel}","templated":true}]}}