{"id":8634,"date":"2018-07-09T17:32:18","date_gmt":"2018-07-09T15:32:18","guid":{"rendered":"http:\/\/www.maxschoenherr.de\/clock\/?p=8634"},"modified":"2018-07-10T00:07:58","modified_gmt":"2018-07-09T22:07:58","slug":"seehofer-rettet-ertrinkende","status":"publish","type":"post","link":"https:\/\/www.maxschoenherr.de\/clock\/seehofer-rettet-ertrinkende\/","title":{"rendered":"Seehofer rettet | Ertrinkende"},"content":{"rendered":"<div id=\"attachment_8639\" style=\"width: 1010px\" class=\"wp-caption aligncenter\"><img loading=\"lazy\" decoding=\"async\" aria-describedby=\"caption-attachment-8639\" class=\"size-full wp-image-8639\" src=\"http:\/\/www.maxschoenherr.de\/clock\/wp-content\/uploads\/2018\/07\/41A96716-E9DC-46B6-A501-3EBCF420A4BB-e1531174034447.jpeg\" alt=\"\" width=\"1000\" height=\"643\" \/><p id=\"caption-attachment-8639\" class=\"wp-caption-text\"><i>grafik: hans-j\u00f6rg brehm<\/i><\/p><\/div>\n<p><em>K\u00f6ln [Fake News Generator L\u00f6wengasse] 9. Juli 2018.<\/em> Bundesinnenminister Horst Seehofer (CSU) stand lange in der Kritik, gegen eine humane Asylpolitik vorzugehen. Gestern hob er zum politischen Gegenschlag aus und rettete drei Ausl\u00e4nder aus einer H\u00f6hle in Thailand, in der sie mit anderen eingeschlossen waren. Bayern, so der ehemalige Bayerische Ministerpr\u00e4sident, sei technologisch Weltspitze. Die Tunnelgrabmaschinen f\u00fcr den Mittleren Ring in M\u00fcnchen seien perfekt geeignet, Schleusen ins Meer zu verlegen. Eine solche Schleuse konnte mit zwei aneinander gekoppelten AWACS-Aufkl\u00e4rungsflugzeugen in 7 Stunden ins Gebiet der Tham-Luang-H\u00f6hle geflogen werden. Der Innenminister rutschte, begleitet von Kamerateams des BR und MDR, innerhalb weniger Minuten in 600 Meter Tiefe ab und wies die Medienvertreter dabei auf die Alpen hin, deren Berge weit \u00fcber 600 Meter hoch seien. Die Rettung gestaltete sich einfach. Seehofer suchte sich drei der unten Eingeschlossenen aus, und diese folgten ihm auf dem langsamen Weg nach oben. Auf die Frage der MDR-Kamerafrau, warum er die anderen nicht auch mitgenommen habe, antwortete Seehofer, es sei ein falsches Signal, die Bundesrepublik als &#8222;Seeretter f\u00fcr alle und jeden&#8220; hinzustellen, man m\u00fcsse \u201eals Kulturnation\u201c schon ausw\u00e4hlen. Die Umfragewerte f\u00fcr die CSU sanken laut Dibap\/Eldag unmittelbar nach Bekanntwerden des Erfolgs leicht. 62% der Befragten bejahten die Frage, ob Seehofer zu weich gegen Ausl\u00e4nder vorginge.<\/p>\n","protected":false},"excerpt":{"rendered":"<p>K\u00f6ln [Fake News Generator L\u00f6wengasse] 9. Juli 2018. Bundesinnenminister Horst Seehofer (CSU) stand lange in der Kritik, gegen eine humane Asylpolitik vorzugehen. Gestern hob er zum politischen Gegenschlag aus und rettete drei Ausl\u00e4nder aus einer H\u00f6hle in Thailand, in der sie mit anderen eingeschlossen waren. Bayern, so der ehemalige Bayerische Ministerpr\u00e4sident, sei technologisch Weltspitze. Die [&hellip;]<\/p>\n","protected":false},"author":2,"featured_media":0,"comment_status":"closed","ping_status":"closed","sticky":false,"template":"","format":"standard","meta":{"footnotes":""},"categories":[1,2345],"tags":[],"class_list":["post-8634","post","type-post","status-publish","format-standard","hentry","category-allgemein","category-glosse"],"wp-worthy-pixel":{"ignored":false,"public":null,"server":null,"url":null},"wp-worthy-type":"normal","_links":{"self":[{"href":"https:\/\/www.maxschoenherr.de\/clock\/wp-json\/wp\/v2\/posts\/8634","targetHints":{"allow":["GET"]}}],"collection":[{"href":"https:\/\/www.maxschoenherr.de\/clock\/wp-json\/wp\/v2\/posts"}],"about":[{"href":"https:\/\/www.maxschoenherr.de\/clock\/wp-json\/wp\/v2\/types\/post"}],"author":[{"embeddable":true,"href":"https:\/\/www.maxschoenherr.de\/clock\/wp-json\/wp\/v2\/users\/2"}],"replies":[{"embeddable":true,"href":"https:\/\/www.maxschoenherr.de\/clock\/wp-json\/wp\/v2\/comments?post=8634"}],"version-history":[{"count":5,"href":"https:\/\/www.maxschoenherr.de\/clock\/wp-json\/wp\/v2\/posts\/8634\/revisions"}],"predecessor-version":[{"id":8640,"href":"https:\/\/www.maxschoenherr.de\/clock\/wp-json\/wp\/v2\/posts\/8634\/revisions\/8640"}],"wp:attachment":[{"href":"https:\/\/www.maxschoenherr.de\/clock\/wp-json\/wp\/v2\/media?parent=8634"}],"wp:term":[{"taxonomy":"category","embeddable":true,"href":"https:\/\/www.maxschoenherr.de\/clock\/wp-json\/wp\/v2\/categories?post=8634"},{"taxonomy":"post_tag","embeddable":true,"href":"https:\/\/www.maxschoenherr.de\/clock\/wp-json\/wp\/v2\/tags?post=8634"}],"curies":[{"name":"wp","href":"https:\/\/api.w.org\/{rel}","templated":true}]}}