{"id":8623,"date":"2018-07-08T20:40:49","date_gmt":"2018-07-08T18:40:49","guid":{"rendered":"http:\/\/www.maxschoenherr.de\/clock\/?p=8623"},"modified":"2018-07-08T22:45:37","modified_gmt":"2018-07-08T20:45:37","slug":"verbrechens-leugner","status":"publish","type":"post","link":"https:\/\/www.maxschoenherr.de\/clock\/verbrechens-leugner\/","title":{"rendered":"verbrechens | leugner"},"content":{"rendered":"<p>von hab nichts davon gewusst-typen wimmelte es noch jahrzehnte nach dem holocaust. ganz besonders \u00fcbel ist der fall \u2192 <a href=\"https:\/\/de.wikipedia.org\/wiki\/Kurt_Franz_(SS-Mitglied)\">kurt franz<\/a>. er kam jetzt wieder zutage, weil \u2192 <a href=\"https:\/\/de.wikipedia.org\/wiki\/Claude_Lanzmann\">claude lanzmann<\/a> gestorben ist, in dessen film \u2192 <a href=\"https:\/\/de.wikipedia.org\/wiki\/Shoah_(Film)\">shoa<\/a> eben dieser kurt franz zu beginn bis in kleinste details die vernichtung neu angekommener juden im \u2192 <a href=\"https:\/\/de.wikipedia.org\/wiki\/Vernichtungslager_Treblinka\">KZ treblinka<\/a> schilderte. bei treblinka ist &#8222;KZ&#8220; fast falsch, denn die t\u00f6tung funktionierte da ohne gro\u00dfe unterbringung der h\u00e4ftlinge. kurt franz sagt in shoa, dass die frauen bisschen l\u00e4nger &#8222;brauchten&#8220;, bis sie sich entkleidet und die haare haben abschneiden lassen, bis zu eineinhalb stunden. dann gingen sie in einen gekr\u00fcmmten, mit zweigen sch\u00f6n dekorierten gang \u2013 direkt in die gaskammer.<\/p>\n<div id=\"attachment_8624\" style=\"width: 1008px\" class=\"wp-caption aligncenter\"><img loading=\"lazy\" decoding=\"async\" aria-describedby=\"caption-attachment-8624\" class=\"size-full wp-image-8624\" src=\"http:\/\/www.maxschoenherr.de\/clock\/wp-content\/uploads\/2018\/07\/treblinkaKarte.jpg\" alt=\"\" width=\"998\" height=\"514\" srcset=\"https:\/\/www.maxschoenherr.de\/clock\/wp-content\/uploads\/2018\/07\/treblinkaKarte.jpg 998w, https:\/\/www.maxschoenherr.de\/clock\/wp-content\/uploads\/2018\/07\/treblinkaKarte-300x155.jpg 300w, https:\/\/www.maxschoenherr.de\/clock\/wp-content\/uploads\/2018\/07\/treblinkaKarte-768x396.jpg 768w\" sizes=\"auto, (max-width: 998px) 100vw, 998px\" \/><p id=\"caption-attachment-8624\" class=\"wp-caption-text\"><em>treblinka: 1) ankunft, 2) entkleidung, 3) vergasung. meist unter 1 stunde.<br \/><\/em><\/p><\/div>\n<p>kurt franz wurde wegen seiner leitenden funktionen und seiner extremen brutalit\u00e4t zu lebensl\u00e4nglich verurteilt, bekam aber relativ fr\u00fch freigang. er war durchaus aukunftsfreudig. w\u00e4hrend der lanzmann alles emotionslos erz\u00e4hlte, gab er im sp\u00e4teren WDR-interview den falsch verstandenen: er h\u00e4tte mit dem holocaust nichts zu tun gehabt und es von anfang an abgelehnt, juden zu t\u00f6ten \u2013 denn er habe in ratingen auch einen sehr netten j\u00fcdischen freund gehabt. auch den t\u00f6tungsvorgang selbst wollte er nicht gesehen haben, allerdings die hinten aufget\u00fcrmten leichen, die dann auf einem rost in den ofen kamen. daf\u00fcr sei ein anderer zust\u00e4ndig gewesen. ein witz, denn kurt franz war erst lagerkoch, sp\u00e4ter lagerkommandant, und das lager war so \u00fcbersichtlich, die gaskammern mussten so regelm\u00e4\u00dfig nachbest\u00fcckt und mit gift versorgt werden&#8230; wennn ich heute h\u00f6re, dass der vorsitzende einer im bundestag sitzenden fraktion die judenvernichtungszeit als \u2192 &#8222;<a href=\"https:\/\/www.derwesten.de\/politik\/gauland-nennt-ns-zeit-vogelschiss-in-der-geschichte-id214460217.html\">vogelschiss<\/a>&#8220; in der deutschen geschichte bezeichnet, kann ich nur kotzen.<\/p>\n<p>hier \u2192 <a href=\"https:\/\/youtu.be\/jvy3sj3zrWQ\">die lange WDR-doku <\/a>aus den 1990er jahren (sowas w\u00e4re heute nicht mehr im WDR m\u00f6glich; zu lang, zu wenig regionales, zu &#8222;schwer verdaulich&#8220;, zu weit weg vom &#8222;zuschauer&#8220;). franz tritt sonnigen gem\u00fcts bei 2 stunden 21 minuten auf. und weil er so mit seinen \u201efreundschaften\u201c mit juden in\u00a0<span class=\"_5afx\"><span class=\"_58cm\">ratingen<\/span><\/span>\u00a0prahlt, auch dazu ein link:\u00a0<a href=\"http:\/\/www.stadt-ratingen.de\/bilder\/41\/stadtarchiv\/e-books\/KurtFranzQuecke70.pdf\" target=\"_blank\" rel=\"noopener nofollow\" data-ft=\"{&quot;tn&quot;:&quot;-U&quot;}\" data-lynx-mode=\"asynclazy\" data-lynx-uri=\"https:\/\/l.facebook.com\/l.php?u=http%3A%2F%2Fwww.stadt-ratingen.de%2Fbilder%2F41%2Fstadtarchiv%2Fe-books%2FKurtFranzQuecke70.pdf&amp;h=AT0vHY4kpU_NSXhRhTfht3QKWf-JvPpDRi6kLns1dNBgjWZ9hbnOqUvpZXFd1tzWQzWD7nhecCnikVuImtPHQQtHP6Tjm8mxYIG1AAryjyFQ686E-IGzGvJm1Pujd8vVf8S3aBHv-EboFbXKvwvIt4qddhuU-YlrrBpfc5Mb\">http:\/\/www.stadt-ratingen.de\/\u2026\/e-books\/KurtFranzQuecke70.pdf<\/a><\/p>\n<p>heute sendete der deutschlandfunk \u2192 <a href=\"https:\/\/www.deutschlandfunk.de\/feridun-zaimoglus-rede-zur-literatur-der-wert-der-worte.911.de.html?dram:article_id=422229\">die rede von feridan zaimoglu<\/a> anl\u00e4sslich des klagenfurter literaturpreises. er spricht nicht vom holocaust, aber voller wut und ekel von allen menschen ohne gewissen.<\/p>\n","protected":false},"excerpt":{"rendered":"<p>von hab nichts davon gewusst-typen wimmelte es noch jahrzehnte nach dem holocaust. ganz besonders \u00fcbel ist der fall \u2192 kurt franz. er kam jetzt wieder zutage, weil \u2192 claude lanzmann gestorben ist, in dessen film \u2192 shoa eben dieser kurt franz zu beginn bis in kleinste details die vernichtung neu angekommener juden im \u2192 KZ [&hellip;]<\/p>\n","protected":false},"author":2,"featured_media":0,"comment_status":"closed","ping_status":"closed","sticky":false,"template":"","format":"standard","meta":{"footnotes":""},"categories":[1,25,248,1961,631],"tags":[],"class_list":["post-8623","post","type-post","status-publish","format-standard","hentry","category-allgemein","category-film","category-historisches","category-politik","category-wikipedia-2"],"wp-worthy-pixel":{"ignored":false,"public":"73409dbbfc5c422d9e4249b17ca94e99","server":"vg05.met.vgwort.de","url":"https:\/\/vg05.met.vgwort.de\/na\/73409dbbfc5c422d9e4249b17ca94e99"},"wp-worthy-type":"normal","_links":{"self":[{"href":"https:\/\/www.maxschoenherr.de\/clock\/wp-json\/wp\/v2\/posts\/8623","targetHints":{"allow":["GET"]}}],"collection":[{"href":"https:\/\/www.maxschoenherr.de\/clock\/wp-json\/wp\/v2\/posts"}],"about":[{"href":"https:\/\/www.maxschoenherr.de\/clock\/wp-json\/wp\/v2\/types\/post"}],"author":[{"embeddable":true,"href":"https:\/\/www.maxschoenherr.de\/clock\/wp-json\/wp\/v2\/users\/2"}],"replies":[{"embeddable":true,"href":"https:\/\/www.maxschoenherr.de\/clock\/wp-json\/wp\/v2\/comments?post=8623"}],"version-history":[{"count":5,"href":"https:\/\/www.maxschoenherr.de\/clock\/wp-json\/wp\/v2\/posts\/8623\/revisions"}],"predecessor-version":[{"id":8629,"href":"https:\/\/www.maxschoenherr.de\/clock\/wp-json\/wp\/v2\/posts\/8623\/revisions\/8629"}],"wp:attachment":[{"href":"https:\/\/www.maxschoenherr.de\/clock\/wp-json\/wp\/v2\/media?parent=8623"}],"wp:term":[{"taxonomy":"category","embeddable":true,"href":"https:\/\/www.maxschoenherr.de\/clock\/wp-json\/wp\/v2\/categories?post=8623"},{"taxonomy":"post_tag","embeddable":true,"href":"https:\/\/www.maxschoenherr.de\/clock\/wp-json\/wp\/v2\/tags?post=8623"}],"curies":[{"name":"wp","href":"https:\/\/api.w.org\/{rel}","templated":true}]}}