{"id":805,"date":"2014-01-29T22:11:09","date_gmt":"2014-01-29T20:11:09","guid":{"rendered":"http:\/\/www.maxschoenherr.de\/clock\/?p=805"},"modified":"2014-01-30T17:16:11","modified_gmt":"2014-01-30T15:16:11","slug":"kapitalwolken-berggespraeche-mit-gott-wdr5-dramolett","status":"publish","type":"post","link":"https:\/\/www.maxschoenherr.de\/clock\/kapitalwolken-berggespraeche-mit-gott-wdr5-dramolett\/","title":{"rendered":"kapitalwolken | wdr5 dramolett"},"content":{"rendered":"<p><a href=\"http:\/\/www.maxschoenherr.de\/clock\/wp-content\/uploads\/2014\/01\/cirpici-und-paul.jpg\"><img loading=\"lazy\" decoding=\"async\" class=\"aligncenter  wp-image-806\" alt=\"cirpici-und-paul\" src=\"http:\/\/www.maxschoenherr.de\/clock\/wp-content\/uploads\/2014\/01\/cirpici-und-paul.jpg\" width=\"500\" height=\"500\" srcset=\"https:\/\/www.maxschoenherr.de\/clock\/wp-content\/uploads\/2014\/01\/cirpici-und-paul.jpg 500w, https:\/\/www.maxschoenherr.de\/clock\/wp-content\/uploads\/2014\/01\/cirpici-und-paul-300x300.jpg 300w\" sizes=\"auto, (max-width: 500px) 100vw, 500px\" \/><\/a><\/p>\n<p>das war ein verg\u00fcngen, aufzunehmen und zu mischen: zwei junge leute sitzen auf einer schweizer bergspitze und unterhalten sich \u00fcber die tagespolitik. da spricht der herr zu ihnen, sie m\u00f6gen doch nicht so naiv sein. das eigentliche, so gott, stecke in den wolken: waffen und kapitel werden jenseits aller demokratischen entscheidungsprozesse \u00fcber unsere k\u00f6pfen hinweg verschoben; wir haben darauf keinerlei einfluss und arbeiten uns stattdessen an der tagespolitik ab. der dreimin\u00fcter lief heute, 29. januar 2014, in <a title=\"webseite der sendung politikum\" href=\"http:\/\/www.wdr5.de\/sendungen\/politikum\/politikum_index100.html\" target=\"_blank\">wdr 5\/politikum<\/a>. gott (<em>eckhard leue<\/em>) spricht zu death metal-musik von <a title=\"morbid angel in der wikipedia\" href=\"http:\/\/de.wikipedia.org\/wiki\/Morbid_Angel\" target=\"_blank\">morbid angel<\/a>, leni und hans sind <a title=\"ela paul in der wikipedia\" href=\"http:\/\/de.wikipedia.org\/wiki\/Ela_Paul\" target=\"_blank\">ela paul<\/a> und\u00a0<a title=\"h\u00fcseyin cirpici im ensemble des theaters krefeld\" href=\"http:\/\/www.theater-kr-mg.de\/ensemble\/theaterleitung\/cirpici-hueseyin-michael.htm\" target=\"_blank\">h\u00fcseyin cirpici<\/a>. (foto oben)<\/p>\n<p>hier das st\u00fcck zum nachh\u00f6ren. hoffe, es geht niemandem zu schnell. ach so: die sendung verlangt f\u00fcrs dramolett immer einen m\u00f6glichst tagesaktuellen aufh\u00e4nger. heute gab&#8217;s mehrere, u. a. ver\u00f6ffentlichte die deutsche bank zahlen, und die eu-kommission sagte was zur bankenregulierung.<\/p>\n<p style=\"text-align: center;\"><audio width=\"400\" height=\"32\" controls=\"controls\"><source src=\"http:\/\/www.maxschoenherr.de\/radio\/Dramolett - Kapitalwolken - Januar 2014.mp3\" type=\"audio\/mp3\" \/><!--fallback--><br \/>\nWenn Sie das nicht abspielen k\u00f6nnen, fehlt Ihrem Browser HTML5.<\/audio><\/p>\n<p style=\"text-align: left;\">paar produktionstechnische details, wenn&#8217;s jemanden interessiert: wir nahmen im wdr-studio 64 gott getrennt von leni und hans auf. das hatte den einfachen grund, dass eckhard leue seinen text zur musik, die er im kopfh\u00f6rer h\u00f6rte, skandieren musste; das erforderte besondere konzentration. als wir damit fertig waren, nach etwa 20 minuten, setzten sich ela und h\u00fcseyin einander gegen\u00fcber ins studio, jeder vor ein monomikrofon. ich sa\u00df mit im studio, also nicht im regieraum, um f\u00fcr die dialoge des p\u00e4rchens die einw\u00fcrfe gotts zu mimen. nach einem halben durchgang bat ich h\u00fcseyin, seine rolle von ernst und sicher auf naiv und unsicher zu \u00e4ndern. ab da hatte hans die helle und leicht hysterische stimme, die in dem st\u00fcck zu h\u00f6ren ist.<\/p>\n<p style=\"text-align: left;\">ich nahm die aufnahmen &#8211; drei f\u00fcr die drei rollen &#8211; als wav-dateien auf usb-stick in mein b\u00fcro\/studio. dort schnitt ich die takes, legte hans und leni leicht rechts\/links, gab gott eine saftige kompression, damit er sich gegen die musik durchsetzen konnte, filterte ein wenig, unterlegte eine sehr dezente alpen-atmo und, etwas jahreszeitenfremd, aber als klischee erlaubt, zwei drei mal ganz im hintergrund kuhglocken. als special effect kam am schluss noch ein hall auf gott&#8217;s seid &#8222;furchtbar&#8220; und mehret euch. dann wurde das st\u00fcck gedithert und gerendert, zum wdr-server in etwa 20 sekunden \u00fcberspielt und einige stunden sp\u00e4ter gesendet.<\/p>\n<p style=\"text-align: left;\">aufwand: nicht kalkulierbar war die ideenfindung. die idee war irgendwann, als ich \u00fcber etwas ganz anderes nachdachte, in meinem kopf. ein l\u00e4ngeres gespr\u00e4ch mit der schauspielerin tanja haller paar tage zuvor spielte sicherlich auch eine rolle. die szene selbst schrieb ich in etwa einer stunde. die redaktion merkte noch einige kleinere \u00e4nderungen an, die alle sinn machten. dann suchte ich mit dem sprecherdisponenten im wdr-h\u00f6rfunk die sprecher aus. die sprecheraufnahme selbst dauerte eine stunde, schnitt und mischung etwa drei stunden. kleinarbeit, wie gema-meldung, schlussmanuskript, nochmal eine stunde.<\/p>\n","protected":false},"excerpt":{"rendered":"<p>das war ein verg\u00fcngen, aufzunehmen und zu mischen: zwei junge leute sitzen auf einer schweizer bergspitze und unterhalten sich \u00fcber die tagespolitik. da spricht der herr zu ihnen, sie m\u00f6gen doch nicht so naiv sein. das eigentliche, so gott, stecke in den wolken: waffen und kapitel werden jenseits aller demokratischen entscheidungsprozesse \u00fcber unsere k\u00f6pfen hinweg [&hellip;]<\/p>\n","protected":false},"author":2,"featured_media":0,"comment_status":"closed","ping_status":"open","sticky":false,"template":"","format":"standard","meta":{"footnotes":""},"categories":[4],"tags":[302,299,297,294,295,304,303,300,301,298,296],"class_list":["post-805","post","type-post","status-publish","format-standard","hentry","category-dramolette","tag-aufnahmetechnik","tag-ausbeutung","tag-banken","tag-gott","tag-kapital","tag-produktion","tag-schnitt","tag-seltene-erden","tag-studio","tag-waffenexporte","tag-wirtschaft"],"wp-worthy-pixel":{"ignored":false,"public":"b1ae40d2cc3445619c8a2be4e3924a8f","server":"vg05.met.vgwort.de","url":"https:\/\/vg05.met.vgwort.de\/na\/b1ae40d2cc3445619c8a2be4e3924a8f"},"wp-worthy-type":"normal","_links":{"self":[{"href":"https:\/\/www.maxschoenherr.de\/clock\/wp-json\/wp\/v2\/posts\/805","targetHints":{"allow":["GET"]}}],"collection":[{"href":"https:\/\/www.maxschoenherr.de\/clock\/wp-json\/wp\/v2\/posts"}],"about":[{"href":"https:\/\/www.maxschoenherr.de\/clock\/wp-json\/wp\/v2\/types\/post"}],"author":[{"embeddable":true,"href":"https:\/\/www.maxschoenherr.de\/clock\/wp-json\/wp\/v2\/users\/2"}],"replies":[{"embeddable":true,"href":"https:\/\/www.maxschoenherr.de\/clock\/wp-json\/wp\/v2\/comments?post=805"}],"version-history":[{"count":5,"href":"https:\/\/www.maxschoenherr.de\/clock\/wp-json\/wp\/v2\/posts\/805\/revisions"}],"predecessor-version":[{"id":814,"href":"https:\/\/www.maxschoenherr.de\/clock\/wp-json\/wp\/v2\/posts\/805\/revisions\/814"}],"wp:attachment":[{"href":"https:\/\/www.maxschoenherr.de\/clock\/wp-json\/wp\/v2\/media?parent=805"}],"wp:term":[{"taxonomy":"category","embeddable":true,"href":"https:\/\/www.maxschoenherr.de\/clock\/wp-json\/wp\/v2\/categories?post=805"},{"taxonomy":"post_tag","embeddable":true,"href":"https:\/\/www.maxschoenherr.de\/clock\/wp-json\/wp\/v2\/tags?post=805"}],"curies":[{"name":"wp","href":"https:\/\/api.w.org\/{rel}","templated":true}]}}