{"id":7903,"date":"2018-01-16T17:17:18","date_gmt":"2018-01-16T15:17:18","guid":{"rendered":"http:\/\/www.maxschoenherr.de\/clock\/?p=7903"},"modified":"2018-01-16T21:35:12","modified_gmt":"2018-01-16T19:35:12","slug":"koeln-sued-und-ost-von-oben","status":"publish","type":"post","link":"https:\/\/www.maxschoenherr.de\/clock\/koeln-sued-und-ost-von-oben\/","title":{"rendered":"k\u00f6ln s\u00fcd und ost von | oben"},"content":{"rendered":"<p>dank des krassen wetters heute lieferte die drohne sch\u00f6n kontrastreiche fotos ab. eine halbe stunde sp\u00e4ter w\u00e4re das ganz anders gewesen. bild oben: blick auf den k\u00f6lner osten, mit deutz, der arena, bildmitte die severinsbr\u00fccke, rechts die kranh\u00e4user. das foto besteht aus 7 einzelaufnahmen, die in lightroom (was jetzt lightroom classic hei\u00dft) sehr ordentlich zusammengebaut wurden. das foto darunter entstand beim runterholen der drohne \u2013 typische routine-dokumentation der baustelle rund um das eingest\u00fcrzte historische archiv. dazu unten der metadaten-beschreibungstext f\u00fcr dpa.<\/p>\n<div id=\"attachment_7904\" style=\"width: 1010px\" class=\"wp-caption aligncenter\"><img loading=\"lazy\" decoding=\"async\" aria-describedby=\"caption-attachment-7904\" class=\"wp-image-7904 size-full\" src=\"http:\/\/www.maxschoenherr.de\/clock\/wp-content\/uploads\/2018\/01\/K\u00f6ln_Ost.jpg\" alt=\"\" width=\"1000\" height=\"650\" srcset=\"https:\/\/www.maxschoenherr.de\/clock\/wp-content\/uploads\/2018\/01\/K\u00f6ln_Ost.jpg 1000w, https:\/\/www.maxschoenherr.de\/clock\/wp-content\/uploads\/2018\/01\/K\u00f6ln_Ost-300x195.jpg 300w, https:\/\/www.maxschoenherr.de\/clock\/wp-content\/uploads\/2018\/01\/K\u00f6ln_Ost-768x499.jpg 768w\" sizes=\"auto, (max-width: 1000px) 100vw, 1000px\" \/><p id=\"caption-attachment-7904\" class=\"wp-caption-text\"><em>k\u00f6ln blick von der s\u00fcdstadt nach osten. im original 6000 pixel breit. foto: ms\/dpa<br \/><\/em><\/p><\/div>\n<div id=\"attachment_7905\" style=\"width: 1010px\" class=\"wp-caption aligncenter\"><img loading=\"lazy\" decoding=\"async\" aria-describedby=\"caption-attachment-7905\" class=\"size-full wp-image-7905\" src=\"http:\/\/www.maxschoenherr.de\/clock\/wp-content\/uploads\/2018\/01\/WaidmarktBaugrube.jpg\" alt=\"\" width=\"1000\" height=\"749\" srcset=\"https:\/\/www.maxschoenherr.de\/clock\/wp-content\/uploads\/2018\/01\/WaidmarktBaugrube.jpg 1000w, https:\/\/www.maxschoenherr.de\/clock\/wp-content\/uploads\/2018\/01\/WaidmarktBaugrube-300x225.jpg 300w, https:\/\/www.maxschoenherr.de\/clock\/wp-content\/uploads\/2018\/01\/WaidmarktBaugrube-768x575.jpg 768w\" sizes=\"auto, (max-width: 1000px) 100vw, 1000px\" \/><p id=\"caption-attachment-7905\" class=\"wp-caption-text\"><em>k\u00f6lns teuerste baustelle: waidmarkt. foto: ms\/dpa<\/em><\/p><\/div>\n<p>&nbsp;<\/p>\n<p>dazu der dpa-text:<\/p>\n<p style=\"padding-left: 30px;\"><em><span style=\"color: #666699;\">2009 st\u00fcrzte das K\u00f6lner Historische Archiv ein. Im Januar 2018 begann der Prozess gegen die Betreiber des U-Bahn-Baus, die laut Staatsanwaltschaft daf\u00fcr verantwortlich sind. Die Baustelle ist zwecks Beweissicherung seit Jahren Tag und Nacht bewacht. In der Aufnahme ist links die inzwischen frei ger\u00e4umte Stelle zu sehen, wo das Archivgeb\u00e4ude und das angrenzende Nachbargeb\u00e4ude standen. Unten im Bild eine Stelle archeologischer Signifikanz: Hier sind seit dem Dezember 2017 Ausgrabungen aktiv, weitere Bauma\u00dfnahmen unterbleiben. Oben im Foto ist das Kaiser Wilhelm Gynmasium zu sehen, unmittelbar daneben der offene U-Bahn-Schacht und das so genannte &#8222;Besichtigungsbauwerk&#8220;, welches der Beweissicherung f\u00fcr die Prozesse dient. Aufgenommen in der K\u00f6lner S\u00fcdstadt am 16.01.2018. Foto: Maximilian Sch\u00f6nherr<\/span><\/em><\/p>\n<p>&nbsp;<\/p>\n","protected":false},"excerpt":{"rendered":"<p>dank des krassen wetters heute lieferte die drohne sch\u00f6n kontrastreiche fotos ab. eine halbe stunde sp\u00e4ter w\u00e4re das ganz anders gewesen. bild oben: blick auf den k\u00f6lner osten, mit deutz, der arena, bildmitte die severinsbr\u00fccke, rechts die kranh\u00e4user. das foto besteht aus 7 einzelaufnahmen, die in lightroom (was jetzt lightroom classic hei\u00dft) sehr ordentlich zusammengebaut [&hellip;]<\/p>\n","protected":false},"author":2,"featured_media":0,"comment_status":"closed","ping_status":"closed","sticky":false,"template":"","format":"standard","meta":{"footnotes":""},"categories":[1,534,248],"tags":[2331,2279,2126,2330,2332],"class_list":["post-7903","post","type-post","status-publish","format-standard","hentry","category-allgemein","category-foto","category-historisches","tag-einsturzstelle","tag-historisches-archiv","tag-severinstrasse","tag-stadtarchiv-koeln","tag-waidmarkt"],"wp-worthy-pixel":{"ignored":false,"public":null,"server":null,"url":null},"wp-worthy-type":"normal","_links":{"self":[{"href":"https:\/\/www.maxschoenherr.de\/clock\/wp-json\/wp\/v2\/posts\/7903","targetHints":{"allow":["GET"]}}],"collection":[{"href":"https:\/\/www.maxschoenherr.de\/clock\/wp-json\/wp\/v2\/posts"}],"about":[{"href":"https:\/\/www.maxschoenherr.de\/clock\/wp-json\/wp\/v2\/types\/post"}],"author":[{"embeddable":true,"href":"https:\/\/www.maxschoenherr.de\/clock\/wp-json\/wp\/v2\/users\/2"}],"replies":[{"embeddable":true,"href":"https:\/\/www.maxschoenherr.de\/clock\/wp-json\/wp\/v2\/comments?post=7903"}],"version-history":[{"count":2,"href":"https:\/\/www.maxschoenherr.de\/clock\/wp-json\/wp\/v2\/posts\/7903\/revisions"}],"predecessor-version":[{"id":7907,"href":"https:\/\/www.maxschoenherr.de\/clock\/wp-json\/wp\/v2\/posts\/7903\/revisions\/7907"}],"wp:attachment":[{"href":"https:\/\/www.maxschoenherr.de\/clock\/wp-json\/wp\/v2\/media?parent=7903"}],"wp:term":[{"taxonomy":"category","embeddable":true,"href":"https:\/\/www.maxschoenherr.de\/clock\/wp-json\/wp\/v2\/categories?post=7903"},{"taxonomy":"post_tag","embeddable":true,"href":"https:\/\/www.maxschoenherr.de\/clock\/wp-json\/wp\/v2\/tags?post=7903"}],"curies":[{"name":"wp","href":"https:\/\/api.w.org\/{rel}","templated":true}]}}