{"id":7877,"date":"2018-01-09T22:28:57","date_gmt":"2018-01-09T20:28:57","guid":{"rendered":"http:\/\/www.maxschoenherr.de\/clock\/?p=7877"},"modified":"2018-01-21T10:22:41","modified_gmt":"2018-01-21T08:22:41","slug":"mit-wachsplatte-im-dra","status":"publish","type":"post","link":"https:\/\/www.maxschoenherr.de\/clock\/mit-wachsplatte-im-dra\/","title":{"rendered":"mit wachsplatte im | DRA"},"content":{"rendered":"<div id=\"attachment_7878\" style=\"width: 1010px\" class=\"wp-caption aligncenter\"><img loading=\"lazy\" decoding=\"async\" aria-describedby=\"caption-attachment-7878\" class=\"size-full wp-image-7878\" src=\"http:\/\/www.maxschoenherr.de\/clock\/wp-content\/uploads\/2018\/01\/MS_hinter_Wachsplatte.jpg\" alt=\"\" width=\"1000\" height=\"667\" srcset=\"https:\/\/www.maxschoenherr.de\/clock\/wp-content\/uploads\/2018\/01\/MS_hinter_Wachsplatte.jpg 1000w, https:\/\/www.maxschoenherr.de\/clock\/wp-content\/uploads\/2018\/01\/MS_hinter_Wachsplatte-300x200.jpg 300w, https:\/\/www.maxschoenherr.de\/clock\/wp-content\/uploads\/2018\/01\/MS_hinter_Wachsplatte-768x512.jpg 768w\" sizes=\"auto, (max-width: 1000px) 100vw, 1000px\" \/><p id=\"caption-attachment-7878\" class=\"wp-caption-text\"><em>hinter wachs (von ca. 1925). foto: muriel favre<\/em><\/p><\/div>\n<p>der n\u00e4chste gro\u00dfe archivradio-stream bahnt sich an: die kompletten original-o-t\u00f6ne aus dem reichstag der weimarer republik. wir nennen das &#8222;reichstagsdebatten vor hitlers machtergreifung&#8220;. l\u00e4uft ab m\u00e4rz im \u2192 <a href=\"http:\/\/www.archivradio.de\">SWR2 archivradio<\/a>. muriel favre musste ich dazu \u00fcberreden, das foto zu machen, denn ihr schien meine schwere spiegelreflexkamera verd\u00e4chtig. muriel ist wissenschaftliche dokumentarin am \u2192 <a href=\"http:\/\/www.dra.de\/\">deutschen rundfunkarchiv<\/a> und leitet den ca. 24-st\u00fcndigen stream mit einem einst\u00fcndigen interview ein. sie kennt die genesis der b\u00e4nder, die vorher folien und noch vorher eben solche wachsplatten waren und \u00fcber das haus des rundfunks in berlin ca. 1942 in ein \u2192 <a href=\"https:\/\/de.wikipedia.org\/wiki\/Steinsalzwerk_Braunschweig-L%C3%BCneburg\">salzlager in grasleben<\/a> kamen, 1945 von den britischen befreiern an die BBC \u00fcbergeben wurden \u2013 und nach weiteren stationen im DRA landeten, wo ich sie fand. na ja, nicht fand; f\u00fcr mich und das archivradio entdeckte. historiker d\u00fcrfen sich jetzt schon mal die h\u00e4nde reiben, denn so klar und eindringlich wie in diesen debatten ist der niedergang der weimarer demokratie nirgends zu h\u00f6ren gewesen.<\/p>\n","protected":false},"excerpt":{"rendered":"<p>der n\u00e4chste gro\u00dfe archivradio-stream bahnt sich an: die kompletten original-o-t\u00f6ne aus dem reichstag der weimarer republik. wir nennen das &#8222;reichstagsdebatten vor hitlers machtergreifung&#8220;. l\u00e4uft ab m\u00e4rz im \u2192 SWR2 archivradio. muriel favre musste ich dazu \u00fcberreden, das foto zu machen, denn ihr schien meine schwere spiegelreflexkamera verd\u00e4chtig. muriel ist wissenschaftliche dokumentarin am \u2192 deutschen rundfunkarchiv [&hellip;]<\/p>\n","protected":false},"author":2,"featured_media":0,"comment_status":"closed","ping_status":"closed","sticky":false,"template":"","format":"standard","meta":{"footnotes":""},"categories":[1,248],"tags":[2328,585,2326,2185,2329,2327],"class_list":["post-7877","post","type-post","status-publish","format-standard","hentry","category-allgemein","category-historisches","tag-archivaufnahmen","tag-archivradio","tag-berlin","tag-reichstag","tag-swr","tag-weimer-republik"],"wp-worthy-pixel":{"ignored":false,"public":null,"server":null,"url":null},"wp-worthy-type":"normal","_links":{"self":[{"href":"https:\/\/www.maxschoenherr.de\/clock\/wp-json\/wp\/v2\/posts\/7877","targetHints":{"allow":["GET"]}}],"collection":[{"href":"https:\/\/www.maxschoenherr.de\/clock\/wp-json\/wp\/v2\/posts"}],"about":[{"href":"https:\/\/www.maxschoenherr.de\/clock\/wp-json\/wp\/v2\/types\/post"}],"author":[{"embeddable":true,"href":"https:\/\/www.maxschoenherr.de\/clock\/wp-json\/wp\/v2\/users\/2"}],"replies":[{"embeddable":true,"href":"https:\/\/www.maxschoenherr.de\/clock\/wp-json\/wp\/v2\/comments?post=7877"}],"version-history":[{"count":3,"href":"https:\/\/www.maxschoenherr.de\/clock\/wp-json\/wp\/v2\/posts\/7877\/revisions"}],"predecessor-version":[{"id":7935,"href":"https:\/\/www.maxschoenherr.de\/clock\/wp-json\/wp\/v2\/posts\/7877\/revisions\/7935"}],"wp:attachment":[{"href":"https:\/\/www.maxschoenherr.de\/clock\/wp-json\/wp\/v2\/media?parent=7877"}],"wp:term":[{"taxonomy":"category","embeddable":true,"href":"https:\/\/www.maxschoenherr.de\/clock\/wp-json\/wp\/v2\/categories?post=7877"},{"taxonomy":"post_tag","embeddable":true,"href":"https:\/\/www.maxschoenherr.de\/clock\/wp-json\/wp\/v2\/tags?post=7877"}],"curies":[{"name":"wp","href":"https:\/\/api.w.org\/{rel}","templated":true}]}}