{"id":7136,"date":"2017-08-09T16:30:58","date_gmt":"2017-08-09T14:30:58","guid":{"rendered":"http:\/\/www.maxschoenherr.de\/clock\/?p=7136"},"modified":"2017-08-10T01:05:27","modified_gmt":"2017-08-09T23:05:27","slug":"andrew-jackson-gegen-die-indianer","status":"publish","type":"post","link":"https:\/\/www.maxschoenherr.de\/clock\/andrew-jackson-gegen-die-indianer\/","title":{"rendered":"andrew jackson gegen die | indianer"},"content":{"rendered":"<p>das ist der US-general andrew jackson, um 1814:<\/p>\n<p><img loading=\"lazy\" decoding=\"async\" class=\"aligncenter size-full wp-image-7137\" src=\"http:\/\/www.maxschoenherr.de\/clock\/wp-content\/uploads\/2017\/08\/andrewJackson1814.jpg\" alt=\"\" width=\"506\" height=\"631\" srcset=\"https:\/\/www.maxschoenherr.de\/clock\/wp-content\/uploads\/2017\/08\/andrewJackson1814.jpg 506w, https:\/\/www.maxschoenherr.de\/clock\/wp-content\/uploads\/2017\/08\/andrewJackson1814-241x300.jpg 241w\" sizes=\"auto, (max-width: 506px) 100vw, 506px\" \/><\/p>\n<p style=\"text-align: center;\"><em>gen. andrew jackson, 1814<\/em><\/p>\n<p>am 9. august 1814, also heute vor 203 jahren, beendete jackson den so genannten \u2192 <a href=\"https:\/\/en.wikipedia.org\/wiki\/Creek_War\">creek-krieg<\/a>. er beendete ihn hinterh\u00e4ltig. der krieg begann 1813 zwischen den &#8222;creek&#8220;-, besser \u2192 <a href=\"https:\/\/en.wikipedia.org\/wiki\/Muscogee\">muscogee-indianern<\/a>, die sich den wei\u00dfen kolonialherren angepasst hatten (lower creeks), und den anderen, die das nicht taten (red sticks). der general nutzte den konflikt, der ihn gar nichts anging, um sich breit zu machen. als er mit seinen truppen ankam, standen die US-freundlichen muscogees aus dem s\u00fcden alabamas nat\u00fcrlich auf seiner seite, und es war ein leichtes, die &#8222;primitiven&#8220; anderen im norden zu schlagen. anfang august war das erledigt \u2013 3mal so viele tote indianer (1500) als wei\u00dfe. statt sich aber bei den &#8222;angepassten&#8220; muscogees des s\u00fcdens zu bedanken, zitierte jackson die f\u00fchrer beider indianer-gruppen nach fort jackson im heutigen alabama und dem\u00fctigte sie dazu, den friedensvertrag zu unterzeichnen. dem zu folge verloren sie alle, also auch die lower creek indians, ihre gebiete, und der wei\u00dfe mann hatte sich bequem alabama geschnappt. die indianer wurden in reservate ins heutige florida vertrieben.<\/p>\n<div id=\"attachment_7138\" style=\"width: 650px\" class=\"wp-caption aligncenter\"><img loading=\"lazy\" decoding=\"async\" aria-describedby=\"caption-attachment-7138\" class=\"size-full wp-image-7138\" src=\"http:\/\/www.maxschoenherr.de\/clock\/wp-content\/uploads\/2017\/08\/jacksonAndWeatherford1814.jpg\" alt=\"\" width=\"640\" height=\"458\" srcset=\"https:\/\/www.maxschoenherr.de\/clock\/wp-content\/uploads\/2017\/08\/jacksonAndWeatherford1814.jpg 640w, https:\/\/www.maxschoenherr.de\/clock\/wp-content\/uploads\/2017\/08\/jacksonAndWeatherford1814-300x215.jpg 300w\" sizes=\"auto, (max-width: 640px) 100vw, 640px\" \/><p id=\"caption-attachment-7138\" class=\"wp-caption-text\"><em>jackson und h\u00e4uptling \u2192 <a href=\"https:\/\/en.wikipedia.org\/wiki\/William_Weatherford\">roter adler<\/a>. stich von john reuben chapin<\/em><\/p><\/div>\n<p>andrew jackson f\u00fchrte wenig sp\u00e4ter auch erfolgreich \u2192 <a href=\"https:\/\/de.wikipedia.org\/wiki\/Schlacht_von_New_Orleans\">krieg gegen die briten in new orleans<\/a>, aber das ist eine andere geschichte. genauso wie die, die jackson zum f\u00fcnften US-pr\u00e4sidenten machte (1829 bis 1837).<\/p>\n<p>hier ein tradionelles gewandt der muscogee indianer. hat ihnen nicht weiter geholfen, damals, vor 203 jahren.<\/p>\n<p><img loading=\"lazy\" decoding=\"async\" class=\"aligncenter size-full wp-image-7139\" src=\"http:\/\/www.maxschoenherr.de\/clock\/wp-content\/uploads\/2017\/08\/muscogee-indian-garment.jpg\" alt=\"\" width=\"300\" height=\"665\" srcset=\"https:\/\/www.maxschoenherr.de\/clock\/wp-content\/uploads\/2017\/08\/muscogee-indian-garment.jpg 300w, https:\/\/www.maxschoenherr.de\/clock\/wp-content\/uploads\/2017\/08\/muscogee-indian-garment-135x300.jpg 135w\" sizes=\"auto, (max-width: 300px) 100vw, 300px\" \/><\/p>\n<p>&nbsp;<\/p>\n","protected":false},"excerpt":{"rendered":"<p>das ist der US-general andrew jackson, um 1814: gen. andrew jackson, 1814 am 9. august 1814, also heute vor 203 jahren, beendete jackson den so genannten \u2192 creek-krieg. er beendete ihn hinterh\u00e4ltig. der krieg begann 1813 zwischen den &#8222;creek&#8220;-, besser \u2192 muscogee-indianern, die sich den wei\u00dfen kolonialherren angepasst hatten (lower creeks), und den anderen, die [&hellip;]<\/p>\n","protected":false},"author":2,"featured_media":0,"comment_status":"closed","ping_status":"closed","sticky":false,"template":"","format":"standard","meta":{"footnotes":""},"categories":[1,248,1961],"tags":[2220,1282,1163],"class_list":["post-7136","post","type-post","status-publish","format-standard","hentry","category-allgemein","category-historisches","category-politik","tag-creek-war","tag-indianer","tag-kolonialismus"],"wp-worthy-pixel":{"ignored":false,"public":null,"server":null,"url":null},"wp-worthy-type":"normal","_links":{"self":[{"href":"https:\/\/www.maxschoenherr.de\/clock\/wp-json\/wp\/v2\/posts\/7136","targetHints":{"allow":["GET"]}}],"collection":[{"href":"https:\/\/www.maxschoenherr.de\/clock\/wp-json\/wp\/v2\/posts"}],"about":[{"href":"https:\/\/www.maxschoenherr.de\/clock\/wp-json\/wp\/v2\/types\/post"}],"author":[{"embeddable":true,"href":"https:\/\/www.maxschoenherr.de\/clock\/wp-json\/wp\/v2\/users\/2"}],"replies":[{"embeddable":true,"href":"https:\/\/www.maxschoenherr.de\/clock\/wp-json\/wp\/v2\/comments?post=7136"}],"version-history":[{"count":2,"href":"https:\/\/www.maxschoenherr.de\/clock\/wp-json\/wp\/v2\/posts\/7136\/revisions"}],"predecessor-version":[{"id":7142,"href":"https:\/\/www.maxschoenherr.de\/clock\/wp-json\/wp\/v2\/posts\/7136\/revisions\/7142"}],"wp:attachment":[{"href":"https:\/\/www.maxschoenherr.de\/clock\/wp-json\/wp\/v2\/media?parent=7136"}],"wp:term":[{"taxonomy":"category","embeddable":true,"href":"https:\/\/www.maxschoenherr.de\/clock\/wp-json\/wp\/v2\/categories?post=7136"},{"taxonomy":"post_tag","embeddable":true,"href":"https:\/\/www.maxschoenherr.de\/clock\/wp-json\/wp\/v2\/tags?post=7136"}],"curies":[{"name":"wp","href":"https:\/\/api.w.org\/{rel}","templated":true}]}}