{"id":6963,"date":"2017-07-26T17:25:47","date_gmt":"2017-07-26T15:25:47","guid":{"rendered":"http:\/\/www.maxschoenherr.de\/clock\/?p=6963"},"modified":"2017-07-26T20:10:05","modified_gmt":"2017-07-26T18:10:05","slug":"fake-news-1933-hitler","status":"publish","type":"post","link":"https:\/\/www.maxschoenherr.de\/clock\/fake-news-1933-hitler\/","title":{"rendered":"fake news 1933 | hitler"},"content":{"rendered":"<p>w\u00e4hrend ich so die sitzungsprotokolle des deutschen reichstags um 1932 herum h\u00f6re und lese, taucht zunehmend eine person in den reden auf, die gar nicht im reichstag sitzt, n\u00e4mlich adolf hitler. hitler sa\u00df da vor allem deswegen nicht, weil er als \u00f6sterreicher gar nicht als abgeordneter nach berlin gew\u00e4hlt werden konnte. es passte ihm aber sicherlich auch in seine machtpl\u00e4ne, zu warten, bis sich die weimarer republik selbst an die wand f\u00e4hrt, und lie\u00df so lange seine weggef\u00e4hrten frick und goebbels den reichstag mit ihren scharfmacherreden zu best\u00fccken.<\/p>\n<p>mit der 7. wahlperiode (januar 1933) kam er dann ganz legal an die macht. die NSDAP brauchte dazu nur einen kleinen koalitionspartner, n\u00e4mlich die deutschnationalen. g\u00f6ring war schon im dezember mit ordentlicher mehrheit zum reichstagspr\u00e4sidenten gew\u00e4hlt worden und pr\u00e4sentierte dem hohen haus nun nicht den \u00f6sterreicher hitler, sondern den reichskanzler hitler, und der kam nicht in zivil, sondern in seiner braunen uniform. es war der 23. m\u00e4rz 1933, und aus dieser sitzung kamen die nationalsozialisten, \u2192 <a href=\"https:\/\/de.wikipedia.org\/wiki\/Erm%C3%A4chtigungsgesetz_vom_24._M%C3%A4rz_1933\">mit aller macht der welt ausgestattet<\/a>, heraus.<\/p>\n<p>hier das sitzungsprotokoll, seite 25. der beginn von hitlers sanfter, aber bestimmter rede. er musste an dem tag noch diplomatisch auftreten, um die katze in den sack zu bekommen. weil die sozialdemokraten niemanden im parlament mehr hassten als die kommunisten, eckte hitler auch mehrheitlich nicht an, wenn er sich bereits im zweiten absatz die &#8222;marxisten&#8220; vornimmt. er wirft ihnen vor, fake news verbreitet zu haben, n\u00e4mlich dass deutschland am 1. weltkrieg schuld gewesen w\u00e4re. er widerlegt diese behauptung mit den worten, sie sei &#8222;wissenschaftlich und sachlich falsch&#8220;.<\/p>\n<p>&nbsp;<\/p>\n<div id=\"attachment_6964\" style=\"width: 418px\" class=\"wp-caption aligncenter\"><img loading=\"lazy\" decoding=\"async\" aria-describedby=\"caption-attachment-6964\" class=\"size-full wp-image-6964\" src=\"http:\/\/www.maxschoenherr.de\/clock\/wp-content\/uploads\/2017\/07\/hitlerUndKriegsschuldl\u00fcge.jpg\" alt=\"\" width=\"408\" height=\"813\" srcset=\"https:\/\/www.maxschoenherr.de\/clock\/wp-content\/uploads\/2017\/07\/hitlerUndKriegsschuldl\u00fcge.jpg 408w, https:\/\/www.maxschoenherr.de\/clock\/wp-content\/uploads\/2017\/07\/hitlerUndKriegsschuldl\u00fcge-151x300.jpg 151w\" sizes=\"auto, (max-width: 408px) 100vw, 408px\" \/><p id=\"caption-attachment-6964\" class=\"wp-caption-text\"><em>endlich darf der \u00f6sterreicher im reichstag reden.<\/em><\/p><\/div>\n<p>etwas sp\u00e4ter \u2013 da hat er das erm\u00e4chtigungsgesetz schon in der tasche \u2013 tritt er nochmals ans rednerpult, um den SPD-abgeordneten und parteichef <a href=\"https:\/\/de.wikipedia.org\/wiki\/Otto_Wels\">otto wels<\/a> fertig zu machen. da wird die wortwahl schon deftiger:<\/p>\n<p style=\"padding-left: 30px;\">\u201eDeutschland soll frei werden, aber nicht durch Sie!\u201c<sup id=\"cite_ref-8\" class=\"reference\"><a href=\"https:\/\/de.wikipedia.org\/wiki\/Erm%C3%A4chtigungsgesetz_vom_24._M%C3%A4rz_1933#cite_note-8\">[8]<\/a><\/sup><\/p>\n<p>und joseph goebbels notierte tags darauf, als das gesetz in kraft trat, in seinem tagebuch:<\/p>\n<p style=\"padding-left: 30px;\">\u201eMan sah niemals, da\u00df einer [Otto Wels] so zu Boden geworfen und erledigt wurde wie hier. Der F\u00fchrer spricht ganz frei und ist gro\u00df in Form. Das Haus rauscht vor Beifall, Gel\u00e4chter, Begeisterung und Applaus. Es wird ein Erfolg ohnegleichen.\u201c<\/p>\n<p>in den tagen danach war die ausl\u00e4ndische presse mehr oder weniger sprachlos \u00fcber diesen v\u00f6llig legalen staatsstreich. einige medien zitierten wels, breitscheid und andere SPD- und KPD-abgeordnete, worauf die nazis im doppelstreich die ausl\u00e4ndische presse als korrupt und die deutsche linke als verr\u00e4ter hinstellten.<\/p>\n<p>der vergleich mit dem aktuellen interimspr\u00e4sidenten der USA w\u00e4re aus der luft gegriffen und sowieso v\u00f6llig daneben. aber seine kleingeistige strategie funktioniert genau so:<\/p>\n<ul>\n<li>a) einfach was behaupten, mit der begr\u00fcndung, es stimme eben so,<\/li>\n<li>b) alle, die es ablehnen, also l\u00fcgner hinzustellen,<\/li>\n<li>c) den medien, die ihn kritisieren, hetzjagd-instinkt anzuheften und<\/li>\n<li>d) denen, die den b\u00f6sen medien informationen in die hand spielen, den teufel an den hals zu w\u00fcnschen.<\/li>\n<\/ul>\n","protected":false},"excerpt":{"rendered":"<p>w\u00e4hrend ich so die sitzungsprotokolle des deutschen reichstags um 1932 herum h\u00f6re und lese, taucht zunehmend eine person in den reden auf, die gar nicht im reichstag sitzt, n\u00e4mlich adolf hitler. hitler sa\u00df da vor allem deswegen nicht, weil er als \u00f6sterreicher gar nicht als abgeordneter nach berlin gew\u00e4hlt werden konnte. es passte ihm aber [&hellip;]<\/p>\n","protected":false},"author":2,"featured_media":0,"comment_status":"closed","ping_status":"closed","sticky":false,"template":"","format":"standard","meta":{"footnotes":""},"categories":[1,248,1961],"tags":[607,271,2185],"class_list":["post-6963","post","type-post","status-publish","format-standard","hentry","category-allgemein","category-historisches","category-politik","tag-607","tag-hitler","tag-reichstag"],"wp-worthy-pixel":{"ignored":false,"public":"0d7a044e2fd943f693dc6cba7822e77b","server":"vg05.met.vgwort.de","url":"https:\/\/vg05.met.vgwort.de\/na\/0d7a044e2fd943f693dc6cba7822e77b"},"wp-worthy-type":"normal","_links":{"self":[{"href":"https:\/\/www.maxschoenherr.de\/clock\/wp-json\/wp\/v2\/posts\/6963","targetHints":{"allow":["GET"]}}],"collection":[{"href":"https:\/\/www.maxschoenherr.de\/clock\/wp-json\/wp\/v2\/posts"}],"about":[{"href":"https:\/\/www.maxschoenherr.de\/clock\/wp-json\/wp\/v2\/types\/post"}],"author":[{"embeddable":true,"href":"https:\/\/www.maxschoenherr.de\/clock\/wp-json\/wp\/v2\/users\/2"}],"replies":[{"embeddable":true,"href":"https:\/\/www.maxschoenherr.de\/clock\/wp-json\/wp\/v2\/comments?post=6963"}],"version-history":[{"count":6,"href":"https:\/\/www.maxschoenherr.de\/clock\/wp-json\/wp\/v2\/posts\/6963\/revisions"}],"predecessor-version":[{"id":6970,"href":"https:\/\/www.maxschoenherr.de\/clock\/wp-json\/wp\/v2\/posts\/6963\/revisions\/6970"}],"wp:attachment":[{"href":"https:\/\/www.maxschoenherr.de\/clock\/wp-json\/wp\/v2\/media?parent=6963"}],"wp:term":[{"taxonomy":"category","embeddable":true,"href":"https:\/\/www.maxschoenherr.de\/clock\/wp-json\/wp\/v2\/categories?post=6963"},{"taxonomy":"post_tag","embeddable":true,"href":"https:\/\/www.maxschoenherr.de\/clock\/wp-json\/wp\/v2\/tags?post=6963"}],"curies":[{"name":"wp","href":"https:\/\/api.w.org\/{rel}","templated":true}]}}