{"id":6924,"date":"2017-07-21T10:25:46","date_gmt":"2017-07-21T08:25:46","guid":{"rendered":"http:\/\/www.maxschoenherr.de\/clock\/?p=6924"},"modified":"2017-07-22T12:11:52","modified_gmt":"2017-07-22T10:11:52","slug":"anhaltende-unruhe-im-reichstag","status":"publish","type":"post","link":"https:\/\/www.maxschoenherr.de\/clock\/anhaltende-unruhe-im-reichstag\/","title":{"rendered":"anhaltende unruhe im | reichstag"},"content":{"rendered":"<div id=\"attachment_6925\" style=\"width: 650px\" class=\"wp-caption aligncenter\"><img loading=\"lazy\" decoding=\"async\" aria-describedby=\"caption-attachment-6925\" class=\" wp-image-6925\" src=\"http:\/\/www.maxschoenherr.de\/clock\/wp-content\/uploads\/2017\/07\/reichstag_5_anhaltendeUnruhe.jpg\" alt=\"\" width=\"640\" height=\"471\" \/><p id=\"caption-attachment-6925\" class=\"wp-caption-text\"><em>stenografieprotokoll reichstag 18. oktober 1931<\/em><\/p><\/div>\n<p>ich h\u00f6re (f\u00fcrs \u2192 <a href=\"http:\/\/www.archivradio.de\">archivradio<\/a>) original-o-t\u00f6ne aus der f\u00fcnften wahlperiode des deutschen reichstags. (ganz unten ist ein ausschnitt abspielbar!) dank der digitalisierung von stenografieunterlagen sind alle sitzungen online nachlesbar. der obige ausschnitt aus einer sitzung vom sonntag, den 18. oktober 1931, zeigt, dass die stimmung im parlament der auf den stra\u00dfen \u00e4hnelt. auf den stra\u00dfen nahmen damals die schl\u00e4gereien zwischen rechten und linken gruppen zu, wobei sich besonders die SA wegen ihrer brutalit\u00e4t hervorhob. der oben angesprochene \u2192 <a href=\"https:\/\/de.wikipedia.org\/wiki\/Rudolf_Breitscheid\">rudolf breitscheid<\/a> war ein scharfz\u00fcngiger redner und abgeordneter der SPD, der hier angeblich einen NSDAP-abgeordneten ein &#8222;schwein&#8220; genannt hatte. nachdem ich breitscheid lange und in zahlreichen reichstagsreden geh\u00f6rt hatte, m\u00f6chte ich das bezweifeln. kurz zuvor hatte er einen abgeordneten &#8222;l\u00fcgner&#8220; genannt \u2013 das ist verbrieft.<\/p>\n<div style=\"width: 410px\" class=\"wp-caption aligncenter\"><img loading=\"lazy\" decoding=\"async\" class=\"mw-mmv-final-image jpg mw-mmv-dialog-is-open\" src=\"https:\/\/upload.wikimedia.org\/wikipedia\/commons\/7\/7e\/Bundesarchiv_Bild_102-13412%2C_Otto_Braun_und_Rudolf_Breitscheid.jpg\" alt=\"\" width=\"400\" height=\"656\" crossorigin=\"anonymous\" \/><p class=\"wp-caption-text\"><em>alfred breitscheid (r.) mit dem SPD-politiker otto braun. foto: bundesarchiv<br \/><\/em><\/p><\/div>\n<p>der abgeordnete \u2192 <a href=\"https:\/\/de.wikipedia.org\/wiki\/Alfred_Rosenberg\">alfred rosenberg<\/a>, mit dem er sich hier angelegt hatte, war einer der f\u00fchrenden rassenideologen des hitlerfaschismus. von ihm stammen b\u00fccher mit titeln wie <i>Die Spur des Juden im Wandel der Zeiten<\/i> (1919), <i>Das Verbrechen der Freimaurerei. Judentum, Jesuitismus, Deutsches Christentum<\/i> (1921), <i>B\u00f6rse und Marxismus oder der Herr und der Knecht<\/i> (1922). rosenberg machte unter hitler eine steile karriere und wurde nach dem krieg hingerichtet.<\/p>\n<div style=\"width: 510px\" class=\"wp-caption aligncenter\"><img loading=\"lazy\" decoding=\"async\" class=\"mw-mmv-final-image jpg mw-mmv-dialog-is-open\" src=\"https:\/\/upload.wikimedia.org\/wikipedia\/commons\/0\/02\/Bundesarchiv_Bild_183-2006-0717-500%2C_Berlin%2C_Rosenberg_spricht_zur_Judenfrage_vor_Diplomaten.jpg\" alt=\"\" width=\"500\" height=\"335\" crossorigin=\"anonymous\" \/><p class=\"wp-caption-text\"><em>alfred rosenberg (2. von links) als judenvernichtungs&#8220;experte&#8220;1939. foto: bundesarchiv<\/em><\/p><\/div>\n<p>in den wikipedia-artikel \u00fcber breitscheid schrieb ich zwei typische statements vom februar 1932 hinein, von denen das erste besonders bemerkenswert ist, weil es klar die nahe zukunft beschreibt. breitscheid floh nach der macht\u00fcbernahme der nationalsozialisten ins ausland, wurde aber in frankreich festgenommen und kam dann im KZ buchenwald um. ein ausnahmepolitiker.<\/p>\n<p><span style=\"color: #666699;\">In den letzten Jahren der Weimarer Republik wurde er als prominenter, au\u00dfenpolitisch verantwortlicher Sozialdemokrat zum Schm\u00e4hobjekt f\u00fcr die rechtsradikale Presse. Er sah mit Klarheit die Folgen einer Hitlerdiktatur voraus:<\/span><\/p>\n<dl>\n<dd><span style=\"color: #666699;\">\u201eWir haben die Frage auszuwerfen: was w\u00fcrde der Sieg des Hitlertums bei der Reichspr\u00e4sidentenwahl bedeuten? Die erste Antwort \u2014 ich glaube, Sie sind darin mit mir einverstanden \u2014 hei\u00dft Sturz der Weimarer Verfassung. Gewi\u00df, ich gebe zu, da\u00df der Boden der Demokratie jetzt eingeengt ist durch das System der Notverordnungen, das herbeizuf\u00fchren wir wahrhaftig nicht den Anla\u00df gegeben haben. Aber das Terrain ist noch da, das Terrain der Verfassung besteht, dieses Terrain, dieser Boden kann wieder bereinigt werden, die Stacheldr\u00e4hte der Notverordnungen k\u00f6nnen beseitigt werden. Kommt das Hitlertum zur Herrschaft, dann ist das Fundament beseitigt, auf dem wir das Haus unserer Zukunft und das Haus unserer Kinder aufbauen k\u00f6nnen.\u201c<sup id=\"cite_ref-3\" class=\"reference\"><a href=\"https:\/\/de.wikipedia.org\/wiki\/Rudolf_Breitscheid#cite_note-3\">[3]<\/a><\/sup><\/span><\/dd>\n<\/dl>\n<p><span style=\"color: #666699;\">In derselben Rede grenzt sich Breitscheid von den Kommunisten ab:<\/span><\/p>\n<dl>\n<dd><span style=\"color: #666699;\">\u201eSie beantragen, da\u00df alle privaten Schuldverpflichtungen an das kapitalistische Ausland annulliert werden. Die Kapitalisten, Gro\u00dfbanken und Gro\u00dfunternehmer, werden bereit sein, Ihnen eine Dankadresse zu \u00fcberreichen. Sie stellen sich sch\u00fctzend vor die kapitalistischen Schuldner, die leichtsinnig, leichtfertig Geld aufgenommen haben, das sie nicht zur\u00fcckzahlen m\u00f6chten. Die Kommunistische Partei kommt und streicht mit einem Federstrich die Schulden der Kapitalisten. Ich mu\u00df schon sagen: eine gr\u00f6\u00dfere Selbstaufopferung haben wir auch bei der Kommunistischen Partei noch nicht erlebt.\u201c<sup id=\"cite_ref-4\" class=\"reference\"><a href=\"https:\/\/de.wikipedia.org\/wiki\/Rudolf_Breitscheid#cite_note-4\">[4]<\/a><\/sup><\/span><\/dd>\n<\/dl>\n<p style=\"text-align: center;\"><audio controls=\"controls\"><source src=\"http:\/\/www.maxschoenherr.de\/radio\/2017\/rudolfBreitscheid_ueberHitlerUndGoebbels1932.mp3\" type=\"audio\/mp3\" \/><!--fallback--><br \/>\nWenn Sie das nicht abspielen k\u00f6nnen, fehlt Ihrem Browser HTML5.<\/audio><br \/>\n<em>rudolf breitscheid \u00fcber hitler und goebbels 1932<br \/>\n<\/em><\/p>\n<p>der obige aussschnitt aus der parlamentssitzung vom 24. februar 1932 wurde auf schallplatte mitgeschnitten und liegt heute digitalisiert beim \u2192 <a href=\"http:\/\/www.dra.de\/\">deutschen rundfunkarchiv<\/a>. er ist in gewisser weise untypisch f\u00fcr damalige verh\u00e4ltnisse, weil immer, wenn die nationalsozialisten im parlament (und nicht ausgeschlossen oder unter protest ausgetreten) waren, gro\u00dfe unruhe herrschte. breitscheid legt in dem ausschnitt seinen finger in eine wunde: hitler, so sagt er, verabscheue die parlamentarische demokratie. warum, so breitscheid, h\u00e4lt goebbels dann laufend reden im parlament?<\/p>\n<p>hitler war damals noch \u00f6sterreichischer staatsb\u00fcrger, also weit davon entfernt, als abgeordneter in den reichstag gew\u00e4hlt zu werden. goebbels dagegen war ordentlicher abgeordneter. am ende des ausschnitts bemerkt breitscheid, dass goebbels in seiner rede vpor kurzem im sportpalast hitler bereits als reichspr\u00e4sidenten bezeichnet hat.<\/p>\n","protected":false},"excerpt":{"rendered":"<p>ich h\u00f6re (f\u00fcrs \u2192 archivradio) original-o-t\u00f6ne aus der f\u00fcnften wahlperiode des deutschen reichstags. (ganz unten ist ein ausschnitt abspielbar!) dank der digitalisierung von stenografieunterlagen sind alle sitzungen online nachlesbar. der obige ausschnitt aus einer sitzung vom sonntag, den 18. oktober 1931, zeigt, dass die stimmung im parlament der auf den stra\u00dfen \u00e4hnelt. auf den stra\u00dfen [&hellip;]<\/p>\n","protected":false},"author":2,"featured_media":0,"comment_status":"closed","ping_status":"closed","sticky":false,"template":"","format":"standard","meta":{"footnotes":""},"categories":[1,1961,4,631],"tags":[2180,2179,395],"class_list":["post-6924","post","type-post","status-publish","format-standard","hentry","category-allgemein","category-politik","category-dramolette","category-wikipedia-2","tag-nsdap","tag-spd","tag-weimarer-republik"],"wp-worthy-pixel":{"ignored":false,"public":"10f7f800287740f19e5d621921a0d92c","server":"vg05.met.vgwort.de","url":"https:\/\/vg05.met.vgwort.de\/na\/10f7f800287740f19e5d621921a0d92c"},"wp-worthy-type":"normal","_links":{"self":[{"href":"https:\/\/www.maxschoenherr.de\/clock\/wp-json\/wp\/v2\/posts\/6924","targetHints":{"allow":["GET"]}}],"collection":[{"href":"https:\/\/www.maxschoenherr.de\/clock\/wp-json\/wp\/v2\/posts"}],"about":[{"href":"https:\/\/www.maxschoenherr.de\/clock\/wp-json\/wp\/v2\/types\/post"}],"author":[{"embeddable":true,"href":"https:\/\/www.maxschoenherr.de\/clock\/wp-json\/wp\/v2\/users\/2"}],"replies":[{"embeddable":true,"href":"https:\/\/www.maxschoenherr.de\/clock\/wp-json\/wp\/v2\/comments?post=6924"}],"version-history":[{"count":9,"href":"https:\/\/www.maxschoenherr.de\/clock\/wp-json\/wp\/v2\/posts\/6924\/revisions"}],"predecessor-version":[{"id":6941,"href":"https:\/\/www.maxschoenherr.de\/clock\/wp-json\/wp\/v2\/posts\/6924\/revisions\/6941"}],"wp:attachment":[{"href":"https:\/\/www.maxschoenherr.de\/clock\/wp-json\/wp\/v2\/media?parent=6924"}],"wp:term":[{"taxonomy":"category","embeddable":true,"href":"https:\/\/www.maxschoenherr.de\/clock\/wp-json\/wp\/v2\/categories?post=6924"},{"taxonomy":"post_tag","embeddable":true,"href":"https:\/\/www.maxschoenherr.de\/clock\/wp-json\/wp\/v2\/tags?post=6924"}],"curies":[{"name":"wp","href":"https:\/\/api.w.org\/{rel}","templated":true}]}}