{"id":6918,"date":"2017-07-20T14:15:03","date_gmt":"2017-07-20T12:15:03","guid":{"rendered":"http:\/\/www.maxschoenherr.de\/clock\/?p=6918"},"modified":"2017-07-27T11:17:38","modified_gmt":"2017-07-27T09:17:38","slug":"6918","status":"publish","type":"post","link":"https:\/\/www.maxschoenherr.de\/clock\/6918\/","title":{"rendered":"drohnenflug live im | DLF"},"content":{"rendered":"<div id=\"attachment_6919\" style=\"width: 731px\" class=\"wp-caption aligncenter\"><img loading=\"lazy\" decoding=\"async\" aria-describedby=\"caption-attachment-6919\" class=\"size-full wp-image-6919\" src=\"http:\/\/www.maxschoenherr.de\/clock\/wp-content\/uploads\/2017\/07\/fBookDLFdrohnensendung.jpg\" alt=\"\" width=\"721\" height=\"854\" srcset=\"https:\/\/www.maxschoenherr.de\/clock\/wp-content\/uploads\/2017\/07\/fBookDLFdrohnensendung.jpg 721w, https:\/\/www.maxschoenherr.de\/clock\/wp-content\/uploads\/2017\/07\/fBookDLFdrohnensendung-253x300.jpg 253w\" sizes=\"auto, (max-width: 721px) 100vw, 721px\" \/><p id=\"caption-attachment-6919\" class=\"wp-caption-text\"><em>facebook-seite zur sendung<\/em><\/p><\/div>\n<p>heute drehte sich die sendung &#8222;marktplatz&#8220; um den boom der drohnen am himmel. \u2192 <a href=\"http:\/\/www.deutschlandfunk.de\/drohnen-am-himmel-spielzeug-oder-angriff-aufs-privatleben.772.de.html?dram:article_id=386613\">hier nachzuh\u00f6ren<\/a>. das foto oben hat jan-martin altgeld von der DLF-onlineredaktion aufgenommen. ich war in der ersten halben stunde s\u00fcd\u00f6stlich vom funkhaus auf einer \u00f6ffentlichen wiese und startete von dort. dies ist der unbearbeitete film dieses flugs:<\/p>\n<p style=\"text-align: center;\"><iframe loading=\"lazy\" src=\"https:\/\/www.youtube.com\/embed\/hwTkhxB_Q_I\" width=\"560\" height=\"315\" frameborder=\"0\" allowfullscreen=\"allowfullscreen\"><\/iframe><\/p>\n<p style=\"text-align: center;\"><em>live in der sendung &#8222;marktplatz&#8220; heutemorgen<\/em><\/p>\n<p>das video zeigt den flug live w\u00e4hrend der sendung. der ton aber ist nicht der sendungston, sondern der lokale mitschnitt meines smartphones. weil es in den controller eingespannt ist, h\u00f6rt man das surren des ventilators des controllers in meiner hand. unten das video, das jan-martin aus eigenem und meinem drohnenmaterial zusammengef\u00fcgt hat:<\/p>\n<p style=\"text-align: center;\"><iframe loading=\"lazy\" style=\"border: none; overflow: hidden;\" src=\"https:\/\/www.facebook.com\/plugins\/video.php?href=https%3A%2F%2Fwww.facebook.com%2Fdeutschlandfunk%2Fvideos%2F1561926493838651%2F&amp;show_text=0&amp;width=560\" width=\"560\" height=\"315\" frameborder=\"0\" scrolling=\"no\" allowfullscreen=\"allowfullscreen\"><\/iframe><\/p>\n<p style=\"text-align: center;\"><em>facebook-post vom deutschlandfunk<\/em><\/p>\n","protected":false},"excerpt":{"rendered":"<p>heute drehte sich die sendung &#8222;marktplatz&#8220; um den boom der drohnen am himmel. \u2192 hier nachzuh\u00f6ren. das foto oben hat jan-martin altgeld von der DLF-onlineredaktion aufgenommen. ich war in der ersten halben stunde s\u00fcd\u00f6stlich vom funkhaus auf einer \u00f6ffentlichen wiese und startete von dort. dies ist der unbearbeitete film dieses flugs: live in der sendung [&hellip;]<\/p>\n","protected":false},"author":2,"featured_media":0,"comment_status":"closed","ping_status":"closed","sticky":false,"template":"","format":"standard","meta":{"footnotes":""},"categories":[1,922,25,4],"tags":[],"class_list":["post-6918","post","type-post","status-publish","format-standard","hentry","category-allgemein","category-computer-und-it","category-film","category-dramolette"],"wp-worthy-pixel":{"ignored":false,"public":null,"server":null,"url":null},"wp-worthy-type":"normal","_links":{"self":[{"href":"https:\/\/www.maxschoenherr.de\/clock\/wp-json\/wp\/v2\/posts\/6918","targetHints":{"allow":["GET"]}}],"collection":[{"href":"https:\/\/www.maxschoenherr.de\/clock\/wp-json\/wp\/v2\/posts"}],"about":[{"href":"https:\/\/www.maxschoenherr.de\/clock\/wp-json\/wp\/v2\/types\/post"}],"author":[{"embeddable":true,"href":"https:\/\/www.maxschoenherr.de\/clock\/wp-json\/wp\/v2\/users\/2"}],"replies":[{"embeddable":true,"href":"https:\/\/www.maxschoenherr.de\/clock\/wp-json\/wp\/v2\/comments?post=6918"}],"version-history":[{"count":5,"href":"https:\/\/www.maxschoenherr.de\/clock\/wp-json\/wp\/v2\/posts\/6918\/revisions"}],"predecessor-version":[{"id":6971,"href":"https:\/\/www.maxschoenherr.de\/clock\/wp-json\/wp\/v2\/posts\/6918\/revisions\/6971"}],"wp:attachment":[{"href":"https:\/\/www.maxschoenherr.de\/clock\/wp-json\/wp\/v2\/media?parent=6918"}],"wp:term":[{"taxonomy":"category","embeddable":true,"href":"https:\/\/www.maxschoenherr.de\/clock\/wp-json\/wp\/v2\/categories?post=6918"},{"taxonomy":"post_tag","embeddable":true,"href":"https:\/\/www.maxschoenherr.de\/clock\/wp-json\/wp\/v2\/tags?post=6918"}],"curies":[{"name":"wp","href":"https:\/\/api.w.org\/{rel}","templated":true}]}}