{"id":6904,"date":"2017-07-17T21:24:34","date_gmt":"2017-07-17T19:24:34","guid":{"rendered":"http:\/\/www.maxschoenherr.de\/clock\/?p=6904"},"modified":"2017-07-17T21:35:17","modified_gmt":"2017-07-17T19:35:17","slug":"sender-empfaenger-1922","status":"publish","type":"post","link":"https:\/\/www.maxschoenherr.de\/clock\/sender-empfaenger-1922\/","title":{"rendered":"sender = empf\u00e4nger | fr\u00fche 1920er"},"content":{"rendered":"<div id=\"attachment_6905\" style=\"width: 587px\" class=\"wp-caption aligncenter\"><img loading=\"lazy\" decoding=\"async\" aria-describedby=\"caption-attachment-6905\" class=\"size-full wp-image-6905\" src=\"http:\/\/www.maxschoenherr.de\/clock\/wp-content\/uploads\/2017\/07\/1500319089632.jpeg\" alt=\"\" width=\"577\" height=\"798\" srcset=\"https:\/\/www.maxschoenherr.de\/clock\/wp-content\/uploads\/2017\/07\/1500319089632.jpeg 577w, https:\/\/www.maxschoenherr.de\/clock\/wp-content\/uploads\/2017\/07\/1500319089632-217x300.jpeg 217w\" sizes=\"auto, (max-width: 577px) 100vw, 577px\" \/><p id=\"caption-attachment-6905\" class=\"wp-caption-text\"><i>radiobasteln f\u00fcr die schweiz<\/i><\/p><\/div>\n<p>die fr\u00fchen radiozeitschriften handelten noch nicht oder kaum von dem, was wir seit mitte der 1920er jahre unter radio verstehen. selbst beim start des rundfunks 1923 war mit radio noch h\u00e4ufig der eigene sender gemeint. die US-regierung unternahm ab 1922 vorst\u00f6\u00dfe, die zahllosen einpersonen-sender zu sanktionieren, um dem kommerziellen rundfunk breitfl\u00e4chig auf dem engen frequenzband der mittelwelle platz zu machen. auch im deutschen reich und der schweiz schossen radiobastler ab ca. 1920 aus dem boden. nur so ist die gro\u00dfe menge von funkzeitschriften zu verstehen, die gleicherma\u00dfen sender und empf\u00e4nger des \u201edrahtlosen rundfunks\u201c bediente.<\/p>\n<p>die zeitschriften unterschieden sich in ihrer technischen tiefe. die meisten zeigten schaltkreise zum eigenbau von radioanlagen, einige besch\u00e4ftigten sich mit rundfunkpolitik und rechtsfragen. blitzeinschl\u00e4ge in sende- und empfangsantennen waren ein gro\u00dfes thema. funkzeitschriften forderten ihre leser auf, von der auswirkung von gewittern zu berichten. streits mit vermietern endeten in gerichsverfahren, weil diese nach blitzeinschl\u00e4gen im haus das antennenkabel kappten und dazu in die wohnung des mieters eindrangen. in leserbriefen waren tipps zu lesen, in welchem winkel man antennen zum wetter stellen sollte, um die empfangsqualit\u00e4t bei unwettern zu verbessern.<\/p>\n","protected":false},"excerpt":{"rendered":"<p>die fr\u00fchen radiozeitschriften handelten noch nicht oder kaum von dem, was wir seit mitte der 1920er jahre unter radio verstehen. selbst beim start des rundfunks 1923 war mit radio noch h\u00e4ufig der eigene sender gemeint. die US-regierung unternahm ab 1922 vorst\u00f6\u00dfe, die zahllosen einpersonen-sender zu sanktionieren, um dem kommerziellen rundfunk breitfl\u00e4chig auf dem engen frequenzband [&hellip;]<\/p>\n","protected":false},"author":2,"featured_media":0,"comment_status":"closed","ping_status":"closed","sticky":false,"template":"","format":"standard","meta":{"footnotes":""},"categories":[1,248,4],"tags":[2175],"class_list":["post-6904","post","type-post","status-publish","format-standard","hentry","category-allgemein","category-historisches","category-dramolette","tag-geschichte-des-rundfunks"],"wp-worthy-pixel":{"ignored":false,"public":null,"server":null,"url":null},"wp-worthy-type":"normal","_links":{"self":[{"href":"https:\/\/www.maxschoenherr.de\/clock\/wp-json\/wp\/v2\/posts\/6904","targetHints":{"allow":["GET"]}}],"collection":[{"href":"https:\/\/www.maxschoenherr.de\/clock\/wp-json\/wp\/v2\/posts"}],"about":[{"href":"https:\/\/www.maxschoenherr.de\/clock\/wp-json\/wp\/v2\/types\/post"}],"author":[{"embeddable":true,"href":"https:\/\/www.maxschoenherr.de\/clock\/wp-json\/wp\/v2\/users\/2"}],"replies":[{"embeddable":true,"href":"https:\/\/www.maxschoenherr.de\/clock\/wp-json\/wp\/v2\/comments?post=6904"}],"version-history":[{"count":2,"href":"https:\/\/www.maxschoenherr.de\/clock\/wp-json\/wp\/v2\/posts\/6904\/revisions"}],"predecessor-version":[{"id":6907,"href":"https:\/\/www.maxschoenherr.de\/clock\/wp-json\/wp\/v2\/posts\/6904\/revisions\/6907"}],"wp:attachment":[{"href":"https:\/\/www.maxschoenherr.de\/clock\/wp-json\/wp\/v2\/media?parent=6904"}],"wp:term":[{"taxonomy":"category","embeddable":true,"href":"https:\/\/www.maxschoenherr.de\/clock\/wp-json\/wp\/v2\/categories?post=6904"},{"taxonomy":"post_tag","embeddable":true,"href":"https:\/\/www.maxschoenherr.de\/clock\/wp-json\/wp\/v2\/tags?post=6904"}],"curies":[{"name":"wp","href":"https:\/\/api.w.org\/{rel}","templated":true}]}}