{"id":6854,"date":"2017-07-06T16:42:22","date_gmt":"2017-07-06T14:42:22","guid":{"rendered":"http:\/\/www.maxschoenherr.de\/clock\/?p=6854"},"modified":"2017-07-06T17:01:16","modified_gmt":"2017-07-06T15:01:16","slug":"iphone-tweets-mit-bad","status":"publish","type":"post","link":"https:\/\/www.maxschoenherr.de\/clock\/iphone-tweets-mit-bad\/","title":{"rendered":"iPhone tweets mit | BAD"},"content":{"rendered":"<p>[two-fifths-first]for his infamous tweets, the interim US president donald trump uses an iPhone. he previously used an android smartphone, sometimes he tweets via his PC (or maybe macbook, it&#8217;s tagged as &#8222;Web Client&#8220;) and very rarely, but more often recently, using the meta-tool \u2192 &#8222;<a href=\"https:\/\/business.twitter.com\/en\/help\/troubleshooting\/media-studio-faqs.html\">media studio<\/a>&#8220; for, for example, pre-timed tweets.<\/p>\n<p>the screenshot below shows the appearance of the word BAD in his recent tweets. i took it from one of several twitter archives, namely the \u2192 <a href=\"http:\/\/www.trumptwitterarchive.com\/archive\">trump twitter archive<\/a>.[\/two-fifths-first]<br \/>\n[three-fifths]donald trump hatte mal ein android-smartphone, tweetet seit l\u00e4ngerem aber mit iPhone, selten mit seinem PC (oder macbook, geht daraus nicht hervor: &#8222;twitter web client&#8220;). manchmal klickt er auf twitter-werbung, die ihm gef\u00e4llt, und manchmal nutzt er das meta-tool \u2192 &#8222;<a href=\"https:\/\/business.twitter.com\/en\/help\/troubleshooting\/media-studio-faqs.html\">media studio<\/a>&#8220; zum automatischen, also zum beispiel zeitgesteuerten tweeten. der screenshot unten zeigt die letzten vorkommnisse des worts &#8222;bad&#8220; in all seinen tweets, gelb herausgestellt in einem von mehreren twitter-sammelportalen, hier dem \u2192 <a href=\"http:\/\/www.trumptwitterarchive.com\/archive\">trump twitter archive<\/a>.[\/three-fifths]<\/p>\n<div id=\"attachment_6855\" style=\"width: 650px\" class=\"wp-caption aligncenter\"><img loading=\"lazy\" decoding=\"async\" aria-describedby=\"caption-attachment-6855\" class=\"size-full wp-image-6855\" src=\"http:\/\/www.maxschoenherr.de\/clock\/wp-content\/uploads\/2017\/07\/trumpTweetSammlung.jpg\" alt=\"\" width=\"640\" height=\"619\" srcset=\"https:\/\/www.maxschoenherr.de\/clock\/wp-content\/uploads\/2017\/07\/trumpTweetSammlung.jpg 640w, https:\/\/www.maxschoenherr.de\/clock\/wp-content\/uploads\/2017\/07\/trumpTweetSammlung-300x290.jpg 300w\" sizes=\"auto, (max-width: 640px) 100vw, 640px\" \/><p id=\"caption-attachment-6855\" class=\"wp-caption-text\"><em>trump loves it bad (and good, of course)<br \/><\/em><\/p><\/div>\n<p>[two-fifths-first]the portal suggests certain search patterns, for example, and interestingly, <em>bad || sad<\/em>, which lists all appearances of either one of the words. <em>bad<\/em> appears more often than <em>sad<\/em>, obviously, and not as often as <em>good<\/em> \u2013 obvious, too, because this is the tag for his own thinkings and musings, <em>bad<\/em> is the tag for most others.<\/p>\n<p>on a meta-level the good\/bad-thing shows that he is stuck in the black and white patterns which dominated the mainstream up until the 1970s. of course, like all children of that time, the little donald trump asked his rich father while watching fury or lassie, whether the guy in that scene is good or bad. and the father always could answer that question easily.<\/p>\n<p>in other words: the more a person divides the world into good and bad, he\/she is stuck in his\/her puberty. bad.<\/p>\n<p>[\/two-fifths-first]<br \/>\n[three-fifths]das portal gibt suchvorschl\u00e4ge an, wie zum beispiel <em>bad || sad<\/em>, wo nach beiden begriffen in den etwa 30.000 tweets gesucht wird. sad kommt deutlich seltender vor als bad, good dagegen etwa so h\u00e4ufig wie bad, weil er seine eigenen sachen ja f\u00fcr super good h\u00e4lt. die h\u00e4ufigkeit der worte sagt nat\u00fcrlich etwas \u00fcber trumps einteilung der welt in gut und b\u00f6se aus, also einem verhaftet-sein in dem, was wir aus dem denken der pr\u00e4 1970er kennen, als der kleine trump seinen reichen papa fragte: ist das bei fury oder lassie ein guter und ein b\u00f6ser? die antwort fiel hier immer leicht.[\/three-fifths]<\/p>\n","protected":false},"excerpt":{"rendered":"<p>[two-fifths-first]for his infamous tweets, the interim US president donald trump uses an iPhone. he previously used an android smartphone, sometimes he tweets via his PC (or maybe macbook, it&#8217;s tagged as &#8222;Web Client&#8220;) and very rarely, but more often recently, using the meta-tool \u2192 &#8222;media studio&#8220; for, for example, pre-timed tweets. the screenshot below shows [&hellip;]<\/p>\n","protected":false},"author":2,"featured_media":0,"comment_status":"closed","ping_status":"closed","sticky":false,"template":"","format":"standard","meta":{"footnotes":""},"categories":[1,15],"tags":[1874,1990],"class_list":["post-6854","post","type-post","status-publish","format-standard","hentry","category-allgemein","category-exzellente-worte","tag-donald-trump","tag-tweets"],"wp-worthy-pixel":{"ignored":false,"public":"82ea1a7909a641238d262a5305d3e94f","server":"vg05.met.vgwort.de","url":"https:\/\/vg05.met.vgwort.de\/na\/82ea1a7909a641238d262a5305d3e94f"},"wp-worthy-type":"normal","_links":{"self":[{"href":"https:\/\/www.maxschoenherr.de\/clock\/wp-json\/wp\/v2\/posts\/6854","targetHints":{"allow":["GET"]}}],"collection":[{"href":"https:\/\/www.maxschoenherr.de\/clock\/wp-json\/wp\/v2\/posts"}],"about":[{"href":"https:\/\/www.maxschoenherr.de\/clock\/wp-json\/wp\/v2\/types\/post"}],"author":[{"embeddable":true,"href":"https:\/\/www.maxschoenherr.de\/clock\/wp-json\/wp\/v2\/users\/2"}],"replies":[{"embeddable":true,"href":"https:\/\/www.maxschoenherr.de\/clock\/wp-json\/wp\/v2\/comments?post=6854"}],"version-history":[{"count":5,"href":"https:\/\/www.maxschoenherr.de\/clock\/wp-json\/wp\/v2\/posts\/6854\/revisions"}],"predecessor-version":[{"id":6860,"href":"https:\/\/www.maxschoenherr.de\/clock\/wp-json\/wp\/v2\/posts\/6854\/revisions\/6860"}],"wp:attachment":[{"href":"https:\/\/www.maxschoenherr.de\/clock\/wp-json\/wp\/v2\/media?parent=6854"}],"wp:term":[{"taxonomy":"category","embeddable":true,"href":"https:\/\/www.maxschoenherr.de\/clock\/wp-json\/wp\/v2\/categories?post=6854"},{"taxonomy":"post_tag","embeddable":true,"href":"https:\/\/www.maxschoenherr.de\/clock\/wp-json\/wp\/v2\/tags?post=6854"}],"curies":[{"name":"wp","href":"https:\/\/api.w.org\/{rel}","templated":true}]}}