{"id":6793,"date":"2017-07-02T15:08:53","date_gmt":"2017-07-02T13:08:53","guid":{"rendered":"http:\/\/www.maxschoenherr.de\/clock\/?p=6793"},"modified":"2017-07-02T21:44:10","modified_gmt":"2017-07-02T19:44:10","slug":"schlacht-von-gettysburg-1863","status":"publish","type":"post","link":"https:\/\/www.maxschoenherr.de\/clock\/schlacht-von-gettysburg-1863\/","title":{"rendered":"schlacht von gettysburg | 1863"},"content":{"rendered":"<div id=\"attachment_6794\" style=\"width: 1010px\" class=\"wp-caption aligncenter\"><img loading=\"lazy\" decoding=\"async\" aria-describedby=\"caption-attachment-6794\" class=\"size-full wp-image-6794\" src=\"http:\/\/www.maxschoenherr.de\/clock\/wp-content\/uploads\/2017\/07\/schlachtUmGettysburg.jpg\" alt=\"\" width=\"1000\" height=\"973\" srcset=\"https:\/\/www.maxschoenherr.de\/clock\/wp-content\/uploads\/2017\/07\/schlachtUmGettysburg.jpg 1000w, https:\/\/www.maxschoenherr.de\/clock\/wp-content\/uploads\/2017\/07\/schlachtUmGettysburg-300x292.jpg 300w, https:\/\/www.maxschoenherr.de\/clock\/wp-content\/uploads\/2017\/07\/schlachtUmGettysburg-768x747.jpg 768w\" sizes=\"auto, (max-width: 1000px) 100vw, 1000px\" \/><p id=\"caption-attachment-6794\" class=\"wp-caption-text\"><em>alexander gardner, gettysburg 1863<\/em><\/p><\/div>\n<p>heute vor 154 jahren war tag 2 der schlacht von gettysburg. landnahmem\u00e4\u00dfig ging es dabei um nichts, es war l\u00e4ndliches gebiet. die k\u00e4mpfe begannen am 1. juli mit erfolgen der s\u00fcdstaaten (konf\u00f6deration) am zweiten tag. am dritten tag war die schlacht f\u00fcr die konf\u00f6derierten verloren. es kamen mehr soldaten um als bei den anderen schlachten des unabh\u00e4ngigkeitskriegs, n\u00e4mlich etwa 6.000. die armeen waren in etwa gleich stark (je 80.000 mann). in gettysburg wurde davon jeder vierte verletzt. die opferzahlen waren auf beiden seiten \u00e4hnlich.<\/p>\n<p>die schlacht war psychologisch entscheidend und stellte einen wendepunkt dar. die unionisten einer vereinigten USA hatten gesiegt, der krieg war zwei jahre sp\u00e4ter vorbei.<\/p>\n<p>der krieg war der erste, von dem es reichlich fotografien gibt. das glasnegativ oben hat, nat\u00fcrlich mit stativ, \u2192 <a href=\"https:\/\/de.wikipedia.org\/wiki\/Alexander_Gardner\">alexander gardner<\/a> (1821-1882) aufgenommen. er war damals 42 jahre alt und damit ein alter hase. paar monate sp\u00e4ter nahm er das bekannteste portrait seines pr\u00e4sidenten auf, abraham lincoln. \u00fcbrigens republikaner.<\/p>\n<p><img loading=\"lazy\" decoding=\"async\" class=\"aligncenter wp-image-6798 size-large\" src=\"http:\/\/www.maxschoenherr.de\/clock\/wp-content\/uploads\/2017\/07\/lincoln_vonGardner-735x1024.jpg\" alt=\"\" width=\"640\" height=\"892\" srcset=\"https:\/\/www.maxschoenherr.de\/clock\/wp-content\/uploads\/2017\/07\/lincoln_vonGardner-735x1024.jpg 735w, https:\/\/www.maxschoenherr.de\/clock\/wp-content\/uploads\/2017\/07\/lincoln_vonGardner-215x300.jpg 215w, https:\/\/www.maxschoenherr.de\/clock\/wp-content\/uploads\/2017\/07\/lincoln_vonGardner.jpg 749w\" sizes=\"auto, (max-width: 640px) 100vw, 640px\" \/><\/p>\n<p style=\"text-align: center;\"><em>abraham lincoln. foto: gardner 1963<\/em><\/p>\n","protected":false},"excerpt":{"rendered":"<p>heute vor 154 jahren war tag 2 der schlacht von gettysburg. landnahmem\u00e4\u00dfig ging es dabei um nichts, es war l\u00e4ndliches gebiet. die k\u00e4mpfe begannen am 1. juli mit erfolgen der s\u00fcdstaaten (konf\u00f6deration) am zweiten tag. am dritten tag war die schlacht f\u00fcr die konf\u00f6derierten verloren. es kamen mehr soldaten um als bei den anderen schlachten [&hellip;]<\/p>\n","protected":false},"author":2,"featured_media":0,"comment_status":"closed","ping_status":"closed","sticky":false,"template":"","format":"standard","meta":{"footnotes":""},"categories":[1,534,1961],"tags":[],"class_list":["post-6793","post","type-post","status-publish","format-standard","hentry","category-allgemein","category-foto","category-politik"],"wp-worthy-pixel":{"ignored":false,"public":null,"server":null,"url":null},"wp-worthy-type":"normal","_links":{"self":[{"href":"https:\/\/www.maxschoenherr.de\/clock\/wp-json\/wp\/v2\/posts\/6793","targetHints":{"allow":["GET"]}}],"collection":[{"href":"https:\/\/www.maxschoenherr.de\/clock\/wp-json\/wp\/v2\/posts"}],"about":[{"href":"https:\/\/www.maxschoenherr.de\/clock\/wp-json\/wp\/v2\/types\/post"}],"author":[{"embeddable":true,"href":"https:\/\/www.maxschoenherr.de\/clock\/wp-json\/wp\/v2\/users\/2"}],"replies":[{"embeddable":true,"href":"https:\/\/www.maxschoenherr.de\/clock\/wp-json\/wp\/v2\/comments?post=6793"}],"version-history":[{"count":5,"href":"https:\/\/www.maxschoenherr.de\/clock\/wp-json\/wp\/v2\/posts\/6793\/revisions"}],"predecessor-version":[{"id":6801,"href":"https:\/\/www.maxschoenherr.de\/clock\/wp-json\/wp\/v2\/posts\/6793\/revisions\/6801"}],"wp:attachment":[{"href":"https:\/\/www.maxschoenherr.de\/clock\/wp-json\/wp\/v2\/media?parent=6793"}],"wp:term":[{"taxonomy":"category","embeddable":true,"href":"https:\/\/www.maxschoenherr.de\/clock\/wp-json\/wp\/v2\/categories?post=6793"},{"taxonomy":"post_tag","embeddable":true,"href":"https:\/\/www.maxschoenherr.de\/clock\/wp-json\/wp\/v2\/tags?post=6793"}],"curies":[{"name":"wp","href":"https:\/\/api.w.org\/{rel}","templated":true}]}}