{"id":6780,"date":"2017-07-02T12:04:41","date_gmt":"2017-07-02T10:04:41","guid":{"rendered":"http:\/\/www.maxschoenherr.de\/clock\/?p=6780"},"modified":"2017-07-04T16:19:57","modified_gmt":"2017-07-04T14:19:57","slug":"6780","status":"publish","type":"post","link":"https:\/\/www.maxschoenherr.de\/clock\/6780\/","title":{"rendered":"bernd neumann | dichter"},"content":{"rendered":"<p>vorletzte woche erfuhr ich, dass bernd neumann gestorben ist, schon vor drei jahren. von beruf war er, glaube ich, krankenpfleger in bamberg. etwa jahrgang 1952. bernd war ein tragender pfeiler einer gruppe von jungen schriftstellern um 1975 herum. er studierte damals germanistik und geschichte an der universit\u00e4t erlangen. seine texte waren fast immer politische lyrik, und ich glaube, er schrieb die gedichte sehr schnell und oft nicht ganz n\u00fcchtern. sie geh\u00f6rten zum aufregendsten, was wir damals in die &#8222;alternative literaturzeitschrift&#8220; \u2192 <a href=\"https:\/\/de.wikipedia.org\/wiki\/Die_Gie%C3%9Fkanne\">die gie\u00dfkanne<\/a> einflie\u00dfen lie\u00dfen, klaus morsch, g\u00fcnther hie\u00dfleitner und ich.<\/p>\n<div style=\"width: 230px\" class=\"wp-caption aligncenter\"><img loading=\"lazy\" decoding=\"async\" class=\"thumbimage aligncenter\" src=\"https:\/\/upload.wikimedia.org\/wikipedia\/de\/thumb\/2\/24\/Die_Gie%C3%9Fkanne_-_Alternative_Literaturzeitschrift.jpg\/220px-Die_Gie%C3%9Fkanne_-_Alternative_Literaturzeitschrift.jpg\" alt=\"\" width=\"220\" height=\"147\" data-file-width=\"4831\" data-file-height=\"3221\" \/><p class=\"wp-caption-text\"><em>&#8222;die gie\u00dfkanne&#8220;<br \/><\/em><\/p><\/div>\n<p>hier ein typisches politisches gedicht von bernd neumann, geschrieben 1977, damals selbstverst\u00e4ndlich noch auf schreibmaschine. ver\u00f6ffentlicht in\u00a0 gie\u00dfkanne #6. und darunter ein zwei jahre fr\u00fcheres, kurzes, zum thema alkohol, gie\u00dfkanne #3.<\/p>\n<div id=\"attachment_6781\" style=\"width: 650px\" class=\"wp-caption aligncenter\"><img loading=\"lazy\" decoding=\"async\" aria-describedby=\"caption-attachment-6781\" class=\"size-full wp-image-6781\" src=\"http:\/\/www.maxschoenherr.de\/clock\/wp-content\/uploads\/2017\/07\/bernNeumann_gandDurchEineLandschaft.jpg\" alt=\"\" width=\"640\" height=\"613\" srcset=\"https:\/\/www.maxschoenherr.de\/clock\/wp-content\/uploads\/2017\/07\/bernNeumann_gandDurchEineLandschaft.jpg 640w, https:\/\/www.maxschoenherr.de\/clock\/wp-content\/uploads\/2017\/07\/bernNeumann_gandDurchEineLandschaft-300x287.jpg 300w\" sizes=\"auto, (max-width: 640px) 100vw, 640px\" \/><p id=\"caption-attachment-6781\" class=\"wp-caption-text\"><em>bernd neumann in der &#8222;gie\u00dfkanne&#8220; 1977<\/em><\/p><\/div>\n<p>&nbsp;<\/p>\n<p><strong>gang durch eine landschaft<\/strong><\/p>\n<p>&nbsp;<\/p>\n<p>komm ins freie<\/p>\n<p>mein freund<\/p>\n<p>ins offene<\/p>\n<p style=\"padding-left: 30px;\">schu\u00dffeld und<\/p>\n<p style=\"padding-left: 60px;\">la\u00df uns<\/p>\n<p style=\"padding-left: 60px;\">weiter<\/p>\n<p style=\"padding-left: 60px;\">marschieren<\/p>\n<p style=\"padding-left: 60px;\">unter einem mond<\/p>\n<p style=\"padding-left: 60px;\">bl\u00e4sslich wie ein arsch<\/p>\n<p style=\"padding-left: 90px;\">durch w\u00e4lder \/ moore<\/p>\n<p style=\"padding-left: 90px;\">voller nebel<\/p>\n<p style=\"padding-left: 120px;\">spinnennetze und nebel<\/p>\n<p style=\"padding-left: 90px;\">voller coladosen<\/p>\n<p style=\"padding-left: 120px;\">und werw\u00f6lfe<\/p>\n<p>vielleicht<\/p>\n<p>mein freund<\/p>\n<p style=\"padding-left: 30px;\">stimmt die marschzahl<\/p>\n<p style=\"padding-left: 60px;\">eingeritzt<\/p>\n<p style=\"padding-left: 60px;\">in unsere h\u00e4nde<\/p>\n<p style=\"padding-left: 90px;\">und wir erreichen<\/p>\n<p style=\"padding-left: 120px;\">den flu\u00df<\/p>\n<p style=\"padding-left: 150px;\">mit seinem morgenrot<\/p>\n<p style=\"padding-left: 180px;\">dahinter<\/p>\n<p>oder die teufelsinsel<\/p>\n<p>oder das lager dachau<\/p>\n<p>oder das gelbe loch von bautzen<\/p>\n<p style=\"padding-left: 90px;\">es ist fast einerlei<\/p>\n<p style=\"padding-left: 90px;\">mein freund<\/p>\n<p style=\"padding-left: 120px;\">komm<\/p>\n<p style=\"padding-left: 150px;\">ins offene<\/p>\n<p style=\"padding-left: 150px;\">ins freie<\/p>\n<p style=\"padding-left: 90px;\">viel ist nicht mehr<\/p>\n<p style=\"padding-left: 120px;\">zu verspielen<\/p>\n<p>&nbsp;<\/p>\n<p><strong>lotta continua<\/strong><\/p>\n<p>ich sitze<\/p>\n<p>saufend<\/p>\n<p>in der langen nacht<\/p>\n<p style=\"padding-left: 30px;\">und<\/p>\n<p>schenke ein<\/p>\n<p>und denke dran<\/p>\n<p>den korken<\/p>\n<p>\u2013 morgen \u2013<\/p>\n<p>in der flasche<\/p>\n<p>drinzulassen<\/p>\n<p style=\"padding-left: 30px;\">und wei\u00df<\/p>\n<p>da\u00df ich<\/p>\n<p>verloren hab<\/p>\n<p>f\u00fcr diese nacht<\/p>\n<div id=\"attachment_6836\" style=\"width: 1210px\" class=\"wp-caption aligncenter\"><img loading=\"lazy\" decoding=\"async\" aria-describedby=\"caption-attachment-6836\" class=\"size-full wp-image-6836\" src=\"http:\/\/www.maxschoenherr.de\/clock\/wp-content\/uploads\/2017\/07\/berndNeumannOriginale.jpg\" alt=\"\" width=\"1200\" height=\"1754\" srcset=\"https:\/\/www.maxschoenherr.de\/clock\/wp-content\/uploads\/2017\/07\/berndNeumannOriginale.jpg 1200w, https:\/\/www.maxschoenherr.de\/clock\/wp-content\/uploads\/2017\/07\/berndNeumannOriginale-205x300.jpg 205w, https:\/\/www.maxschoenherr.de\/clock\/wp-content\/uploads\/2017\/07\/berndNeumannOriginale-768x1123.jpg 768w, https:\/\/www.maxschoenherr.de\/clock\/wp-content\/uploads\/2017\/07\/berndNeumannOriginale-701x1024.jpg 701w\" sizes=\"auto, (max-width: 1200px) 100vw, 1200px\" \/><p id=\"caption-attachment-6836\" class=\"wp-caption-text\"><em>drei gedichte, maschine und handschrift<\/em><\/p><\/div>\n","protected":false},"excerpt":{"rendered":"<p>vorletzte woche erfuhr ich, dass bernd neumann gestorben ist, schon vor drei jahren. von beruf war er, glaube ich, krankenpfleger in bamberg. etwa jahrgang 1952. bernd war ein tragender pfeiler einer gruppe von jungen schriftstellern um 1975 herum. er studierte damals germanistik und geschichte an der universit\u00e4t erlangen. seine texte waren fast immer politische lyrik, [&hellip;]<\/p>\n","protected":false},"author":2,"featured_media":0,"comment_status":"closed","ping_status":"closed","sticky":false,"template":"","format":"standard","meta":{"footnotes":""},"categories":[1,15],"tags":[],"class_list":["post-6780","post","type-post","status-publish","format-standard","hentry","category-allgemein","category-exzellente-worte"],"wp-worthy-pixel":{"ignored":false,"public":"90b7a9673c91449db526e19dd90a7be9","server":"vg05.met.vgwort.de","url":"https:\/\/vg05.met.vgwort.de\/na\/90b7a9673c91449db526e19dd90a7be9"},"wp-worthy-type":"normal","_links":{"self":[{"href":"https:\/\/www.maxschoenherr.de\/clock\/wp-json\/wp\/v2\/posts\/6780","targetHints":{"allow":["GET"]}}],"collection":[{"href":"https:\/\/www.maxschoenherr.de\/clock\/wp-json\/wp\/v2\/posts"}],"about":[{"href":"https:\/\/www.maxschoenherr.de\/clock\/wp-json\/wp\/v2\/types\/post"}],"author":[{"embeddable":true,"href":"https:\/\/www.maxschoenherr.de\/clock\/wp-json\/wp\/v2\/users\/2"}],"replies":[{"embeddable":true,"href":"https:\/\/www.maxschoenherr.de\/clock\/wp-json\/wp\/v2\/comments?post=6780"}],"version-history":[{"count":9,"href":"https:\/\/www.maxschoenherr.de\/clock\/wp-json\/wp\/v2\/posts\/6780\/revisions"}],"predecessor-version":[{"id":6837,"href":"https:\/\/www.maxschoenherr.de\/clock\/wp-json\/wp\/v2\/posts\/6780\/revisions\/6837"}],"wp:attachment":[{"href":"https:\/\/www.maxschoenherr.de\/clock\/wp-json\/wp\/v2\/media?parent=6780"}],"wp:term":[{"taxonomy":"category","embeddable":true,"href":"https:\/\/www.maxschoenherr.de\/clock\/wp-json\/wp\/v2\/categories?post=6780"},{"taxonomy":"post_tag","embeddable":true,"href":"https:\/\/www.maxschoenherr.de\/clock\/wp-json\/wp\/v2\/tags?post=6780"}],"curies":[{"name":"wp","href":"https:\/\/api.w.org\/{rel}","templated":true}]}}