{"id":6621,"date":"2017-05-29T01:54:18","date_gmt":"2017-05-28T23:54:18","guid":{"rendered":"http:\/\/www.maxschoenherr.de\/clock\/?p=6621"},"modified":"2019-02-06T17:31:55","modified_gmt":"2019-02-06T15:31:55","slug":"uta-balkow","status":"publish","type":"post","link":"https:\/\/www.maxschoenherr.de\/clock\/uta-balkow\/","title":{"rendered":"uta | balkow"},"content":{"rendered":"<p><img loading=\"lazy\" decoding=\"async\" class=\"aligncenter size-full wp-image-6622\" src=\"http:\/\/www.maxschoenherr.de\/clock\/wp-content\/uploads\/2017\/05\/1496014285957.jpeg\" alt=\"\" width=\"640\" height=\"640\" srcset=\"https:\/\/www.maxschoenherr.de\/clock\/wp-content\/uploads\/2017\/05\/1496014285957.jpeg 640w, https:\/\/www.maxschoenherr.de\/clock\/wp-content\/uploads\/2017\/05\/1496014285957-300x300.jpeg 300w\" sizes=\"auto, (max-width: 640px) 100vw, 640px\" \/><\/p>\n<p style=\"text-align: center;\"><em>uta balkow, februar 2017. foto: ms<\/em><\/p>\n<p style=\"text-align: left;\">vor einer woche starb uta balkow. ziemlich unfassbar f\u00fcr alle, die sie kannten und als allgemein\u00e4rztin sch\u00e4tzten. frau balkow wurde meine haus\u00e4rztin, als ich so ende 20 war. sie hat mein leben ver\u00e4ndert, indem sie mir die hom\u00f6opathie nahebrachte, mich auf die (damals noch als esoterisch\/exotisch geltende) bioern\u00e4hrung hinwies und schon nach der zweiten sitzung sagte, &#8222;er wird keinen heuschnupfen mehr haben&#8220;. sie sprach gern in dritter person, und sie behielt recht.<\/p>\n<p style=\"text-align: left;\">die wartezeiten in ihrer praxis hinterm isartor in m\u00fcnchen waren enorm. zwei stunden keine seltenheit. w\u00e4hrend man ihr endlich im sprechzimmer mit den dunklen b\u00fccherregalen schreibtischm\u00e4\u00dfig gegen\u00fcbersa\u00df, nahm sie telefonate von patienten an, schloss dabei die augen, handelte die telefonate aber rasch ab, um sich wieder auf den patienten vor sich zu konzentrieren. eigentlich brauchte der gar nichts sagen, sie wusste schon am aussehen und auftreten, was los war. begnadet nennt man sowas.<\/p>\n<p style=\"text-align: left;\">ihr mann arbeitete im hinteren praxisbereich als krampfaderspezialist und war selten zu sehen. ihren sohn frank lernte ich erst im februar kennen. ihm geh\u00f6ren die h\u00e4nde oben auf ihren schultern. er ist auch arzt und \u00fcbernimmt im juni 2017 ihre praxis.<\/p>\n<p style=\"text-align: left;\">ich bin seit langer zeit nicht mehr ihr patient, weil ich 1992 von m\u00fcnchen wegzog, aber wir blieben lose in kontakt. ich besuchte sie alle paar jahre, wenn ich dienstlich in m\u00fcnchen war. vor zwei oder drei jahren sah sie mein iPad und war kaum zu bremsen, alles dar\u00fcber zu erfragen. jetzt im februar zeigte sie mir ihres und erz\u00e4hlte mir, dass das ger\u00e4t ihren therapiebetrieb ver\u00e4ndert hat, weil woanders lebende patienten ihr fotos schickten und sie schon immer viel mit fotos anfangen konnte.<\/p>\n<p style=\"text-align: left;\">kurz bevor diese so extrem wache und gesund wirkende frau aus dem leben ging, wurde sie 81 und schickte mir ein foto ihrer geburtstagstorte, mit diesem kommentar:<\/p>\n<p style=\"padding-left: 30px;\"><span style=\"color: #800000;\"><i>Lieber Herr Sch\u00f6nherr,<\/i><\/span><\/p>\n<p style=\"padding-left: 30px;\"><span style=\"color: #800000;\"><i>[&#8230;]\u00a0Anbei stelle ich mich vor mit meiner selbstgebackenen Ananastorte, die bei uns als sog. \u201eGeburtstagstorte\u201c das Rennen macht, heuer bei meinem Geburtstag im M\u00e4rz. H\u00e4tte Sie gerne dazu eingeladen [&#8230;]<\/i><\/span><\/p>\n<p style=\"padding-left: 30px;\"><i><span style=\"color: #800000;\">Nun liebe Gr\u00fc\u00dfe bis zum n\u00e4chsten Wiedersehen <\/span><br \/>\n<span style=\"color: #800000;\">Ihre Uta Balkow<\/span><\/i><\/p>\n<p style=\"padding-left: 30px;\"><span style=\"color: #800000;\"><i>Von meinem iPad gesendet<\/i><\/span><\/p>\n<p style=\"text-align: left;\"><img loading=\"lazy\" decoding=\"async\" class=\"aligncenter size-medium wp-image-6623\" src=\"http:\/\/www.maxschoenherr.de\/clock\/wp-content\/uploads\/2017\/05\/IMG_8099-300x296.jpg\" alt=\"\" width=\"300\" height=\"296\" srcset=\"https:\/\/www.maxschoenherr.de\/clock\/wp-content\/uploads\/2017\/05\/IMG_8099-300x296.jpg 300w, https:\/\/www.maxschoenherr.de\/clock\/wp-content\/uploads\/2017\/05\/IMG_8099-768x758.jpg 768w, https:\/\/www.maxschoenherr.de\/clock\/wp-content\/uploads\/2017\/05\/IMG_8099.jpg 995w\" sizes=\"auto, (max-width: 300px) 100vw, 300px\" \/><\/p>\n<hr \/>\n<p>ihr mann wolfgang (geboren am 25.1.1935), der mit ihr lange zeit die praxis teilte, aber f\u00fcr etwas ganz anderes zust\u00e4ndig war, starb zwei jahre nach ihr, am 28. januar 2019.<\/p>\n<hr \/>\n<p><em>nachtrag, ein halbes jahr sp\u00e4ter (dezember 2017)<\/em><\/p>\n<p>eigentlich unwichtig in diesem nachruf, ein detail aus meiner beziehung zu frau balkow: als ich ihr patient wurde, zeichnete sie auf ihrer schreibtischunterlage laufend eckige, <em>scharfkantige<\/em> strukturen. mir fiel das gleich auf, aber es dauerte ein, zwei jahre, bis ich es ansprach. sie fragte, wie man denn sonst so vor sich hinskribbeln k\u00f6nnte, das sei doch ganz normal, und das mache doch jeder so? ich schlug vor, es mal mit <em>runden<\/em> strukturen zu versuchen, also mit kurven statt abzweigungen. frank balkow rettete aus der praxis (die jetzt seine ist) die letzten schreibtischunterlage und stellte sie mir zur verf\u00fcgung. typisch:<\/p>\n<p><img loading=\"lazy\" decoding=\"async\" class=\"aligncenter size-full wp-image-7754\" src=\"http:\/\/www.maxschoenherr.de\/clock\/wp-content\/uploads\/2017\/12\/utaBalkowScribbles.jpg\" alt=\"\" width=\"1000\" height=\"667\" srcset=\"https:\/\/www.maxschoenherr.de\/clock\/wp-content\/uploads\/2017\/12\/utaBalkowScribbles.jpg 1000w, https:\/\/www.maxschoenherr.de\/clock\/wp-content\/uploads\/2017\/12\/utaBalkowScribbles-300x200.jpg 300w, https:\/\/www.maxschoenherr.de\/clock\/wp-content\/uploads\/2017\/12\/utaBalkowScribbles-768x512.jpg 768w\" sizes=\"auto, (max-width: 1000px) 100vw, 1000px\" \/><\/p>\n<p style=\"text-align: center;\"><em>schreibtisch-scribbles von uta balkow, 2017<\/em><\/p>\n","protected":false},"excerpt":{"rendered":"<p>uta balkow, februar 2017. foto: ms vor einer woche starb uta balkow. ziemlich unfassbar f\u00fcr alle, die sie kannten und als allgemein\u00e4rztin sch\u00e4tzten. frau balkow wurde meine haus\u00e4rztin, als ich so ende 20 war. sie hat mein leben ver\u00e4ndert, indem sie mir die hom\u00f6opathie nahebrachte, mich auf die (damals noch als esoterisch\/exotisch geltende) bioern\u00e4hrung hinwies [&hellip;]<\/p>\n","protected":false},"author":2,"featured_media":0,"comment_status":"closed","ping_status":"closed","sticky":false,"template":"","format":"standard","meta":{"footnotes":""},"categories":[1],"tags":[2145,2146],"class_list":["post-6621","post","type-post","status-publish","format-standard","hentry","category-allgemein","tag-dr-med-ura-balkow","tag-verstorben"],"wp-worthy-pixel":{"ignored":false,"public":"8d3bac1731da42719fde885e26f8e407","server":"vg07.met.vgwort.de","url":"https:\/\/vg07.met.vgwort.de\/na\/8d3bac1731da42719fde885e26f8e407"},"wp-worthy-type":"normal","_links":{"self":[{"href":"https:\/\/www.maxschoenherr.de\/clock\/wp-json\/wp\/v2\/posts\/6621","targetHints":{"allow":["GET"]}}],"collection":[{"href":"https:\/\/www.maxschoenherr.de\/clock\/wp-json\/wp\/v2\/posts"}],"about":[{"href":"https:\/\/www.maxschoenherr.de\/clock\/wp-json\/wp\/v2\/types\/post"}],"author":[{"embeddable":true,"href":"https:\/\/www.maxschoenherr.de\/clock\/wp-json\/wp\/v2\/users\/2"}],"replies":[{"embeddable":true,"href":"https:\/\/www.maxschoenherr.de\/clock\/wp-json\/wp\/v2\/comments?post=6621"}],"version-history":[{"count":9,"href":"https:\/\/www.maxschoenherr.de\/clock\/wp-json\/wp\/v2\/posts\/6621\/revisions"}],"predecessor-version":[{"id":9440,"href":"https:\/\/www.maxschoenherr.de\/clock\/wp-json\/wp\/v2\/posts\/6621\/revisions\/9440"}],"wp:attachment":[{"href":"https:\/\/www.maxschoenherr.de\/clock\/wp-json\/wp\/v2\/media?parent=6621"}],"wp:term":[{"taxonomy":"category","embeddable":true,"href":"https:\/\/www.maxschoenherr.de\/clock\/wp-json\/wp\/v2\/categories?post=6621"},{"taxonomy":"post_tag","embeddable":true,"href":"https:\/\/www.maxschoenherr.de\/clock\/wp-json\/wp\/v2\/tags?post=6621"}],"curies":[{"name":"wp","href":"https:\/\/api.w.org\/{rel}","templated":true}]}}