{"id":6592,"date":"2017-05-17T00:08:42","date_gmt":"2017-05-16T22:08:42","guid":{"rendered":"http:\/\/www.maxschoenherr.de\/clock\/?p=6592"},"modified":"2017-05-17T09:54:18","modified_gmt":"2017-05-17T07:54:18","slug":"unangeberisch-von-oben","status":"publish","type":"post","link":"https:\/\/www.maxschoenherr.de\/clock\/unangeberisch-von-oben\/","title":{"rendered":"unangeberisch von | oben"},"content":{"rendered":"<p>dieses foto entstand heute bei einsetzen der dunkelheit. es war nicht ganz so dunkel wie hier, aber dank \u2192 <a href=\"http:\/\/www.maxschoenherr.de\/clock\/?p=6524\">RAW-aufnahme<\/a> konnte ich die mittelt\u00f6ne gut absenken, um das <em>eigentliche<\/em> dramatischer zu machen, den radfahrer, der aus dem wald kommt. er sah die drohne nicht, sie war ca. 15 m hoch. seine privatsph\u00e4re habe ich auch nicht beeintr\u00e4chtigt, denn er ist wegen der bewegungsunsch\u00e4rfe eh nicht zu erkennen.<\/p>\n<p><img loading=\"lazy\" decoding=\"async\" class=\"aligncenter size-full wp-image-6593\" src=\"http:\/\/www.maxschoenherr.de\/clock\/wp-content\/uploads\/2017\/05\/radfahrerKommtAusmDunklenWald.jpg\" alt=\"\" width=\"1000\" height=\"562\" srcset=\"https:\/\/www.maxschoenherr.de\/clock\/wp-content\/uploads\/2017\/05\/radfahrerKommtAusmDunklenWald.jpg 1000w, https:\/\/www.maxschoenherr.de\/clock\/wp-content\/uploads\/2017\/05\/radfahrerKommtAusmDunklenWald-300x169.jpg 300w, https:\/\/www.maxschoenherr.de\/clock\/wp-content\/uploads\/2017\/05\/radfahrerKommtAusmDunklenWald-768x432.jpg 768w\" sizes=\"auto, (max-width: 1000px) 100vw, 1000px\" \/><\/p>\n<p style=\"text-align: center;\"><em>radfahrer aus dem dunklen wald. foto: ms\/dpa<\/em><\/p>\n<p>&nbsp;<\/p>\n","protected":false},"excerpt":{"rendered":"<p>dieses foto entstand heute bei einsetzen der dunkelheit. es war nicht ganz so dunkel wie hier, aber dank \u2192 RAW-aufnahme konnte ich die mittelt\u00f6ne gut absenken, um das eigentliche dramatischer zu machen, den radfahrer, der aus dem wald kommt. er sah die drohne nicht, sie war ca. 15 m hoch. seine privatsph\u00e4re habe ich auch [&hellip;]<\/p>\n","protected":false},"author":2,"featured_media":0,"comment_status":"closed","ping_status":"closed","sticky":false,"template":"","format":"standard","meta":{"footnotes":""},"categories":[1,534],"tags":[],"class_list":["post-6592","post","type-post","status-publish","format-standard","hentry","category-allgemein","category-foto"],"wp-worthy-pixel":{"ignored":false,"public":null,"server":null,"url":null},"wp-worthy-type":"normal","_links":{"self":[{"href":"https:\/\/www.maxschoenherr.de\/clock\/wp-json\/wp\/v2\/posts\/6592","targetHints":{"allow":["GET"]}}],"collection":[{"href":"https:\/\/www.maxschoenherr.de\/clock\/wp-json\/wp\/v2\/posts"}],"about":[{"href":"https:\/\/www.maxschoenherr.de\/clock\/wp-json\/wp\/v2\/types\/post"}],"author":[{"embeddable":true,"href":"https:\/\/www.maxschoenherr.de\/clock\/wp-json\/wp\/v2\/users\/2"}],"replies":[{"embeddable":true,"href":"https:\/\/www.maxschoenherr.de\/clock\/wp-json\/wp\/v2\/comments?post=6592"}],"version-history":[{"count":4,"href":"https:\/\/www.maxschoenherr.de\/clock\/wp-json\/wp\/v2\/posts\/6592\/revisions"}],"predecessor-version":[{"id":6597,"href":"https:\/\/www.maxschoenherr.de\/clock\/wp-json\/wp\/v2\/posts\/6592\/revisions\/6597"}],"wp:attachment":[{"href":"https:\/\/www.maxschoenherr.de\/clock\/wp-json\/wp\/v2\/media?parent=6592"}],"wp:term":[{"taxonomy":"category","embeddable":true,"href":"https:\/\/www.maxschoenherr.de\/clock\/wp-json\/wp\/v2\/categories?post=6592"},{"taxonomy":"post_tag","embeddable":true,"href":"https:\/\/www.maxschoenherr.de\/clock\/wp-json\/wp\/v2\/tags?post=6592"}],"curies":[{"name":"wp","href":"https:\/\/api.w.org\/{rel}","templated":true}]}}