{"id":6585,"date":"2017-05-16T16:51:22","date_gmt":"2017-05-16T14:51:22","guid":{"rendered":"http:\/\/www.maxschoenherr.de\/clock\/?p=6585"},"modified":"2017-05-16T16:52:30","modified_gmt":"2017-05-16T14:52:30","slug":"trimedialitaet-gibts-nicht-kostenlos","status":"publish","type":"post","link":"https:\/\/www.maxschoenherr.de\/clock\/trimedialitaet-gibts-nicht-kostenlos\/","title":{"rendered":"trimedialit\u00e4t gibt&#8217;s nicht | kostenlos"},"content":{"rendered":"<p><img loading=\"lazy\" decoding=\"async\" class=\"aligncenter size-full wp-image-6586\" src=\"http:\/\/www.maxschoenherr.de\/clock\/wp-content\/uploads\/2017\/05\/trimedialKostet.jpg\" alt=\"\" width=\"725\" height=\"494\" srcset=\"https:\/\/www.maxschoenherr.de\/clock\/wp-content\/uploads\/2017\/05\/trimedialKostet.jpg 725w, https:\/\/www.maxschoenherr.de\/clock\/wp-content\/uploads\/2017\/05\/trimedialKostet-300x204.jpg 300w\" sizes=\"auto, (max-width: 725px) 100vw, 725px\" \/><\/p>\n<p style=\"text-align: center;\"><em>trimedialer beitrag auf nyt.com<\/em><\/p>\n<p>in allen m\u00f6glichen sendern und zeitungsredaktionen verbreitet sich das wort &#8222;trimedialit\u00e4t&#8220;. das ist mehr als ein buzzword, es bedeutet n\u00e4mlich, dass man print\/ton, foto\/film, internet nicht unbedingt trennen kann. in den rundfunkredaktionen, die ich so kenne, bekommt deswegen seit jahren die online-redaktion immer mehr gewicht, und f\u00fcr typische radiojournalisten werden tarife ausgehandelt, damit sie ihre fotos vom interview- oder reportageort auch ordentlich honoriert bekommen.<\/p>\n<p>im bild oben ist ein artikel in der heutigen new york times zu sehen, in dem sich patrick kingsley mit erdogans t\u00fcrkei besch\u00e4ftigt. der klick \u2192 <a href=\"https:\/\/www.nytimes.com\/interactive\/2017\/05\/16\/world\/europe\/17turkey.html\">darauf<\/a> startet eine diashow mit schlagzeilenartig eingesetzten texten des autors, seiner stimme und einigen kurzen filmclips. kein herausstechendes beispiel von trimedialit\u00e4t, sondern typisch trimedialer alltag. der autor musste daf\u00fcr filmen, sprechen und texte schreiben k\u00f6nnen, die internetgerecht sind. hoffentlich wird er ordentlich honoriert, falls er nicht eh fest angestellt ist.<\/p>\n<p>auch den festangestellten wird durch die trimedialit\u00e4t immer mehr arbeit aufgehalst. das f\u00fchrt einerseits dazu, dass sie ihre kernkompetenzen erweitern m\u00fcssen, was ja nicht schlecht ist, aber andererseits zu weiterer arbeitsverdichtung und demotivation.<\/p>\n<p>wenn mich ein \u00f6ffentlich-rechtlicher sender bitten w\u00fcrde, f\u00fcr meine n\u00e4chste gr\u00f6\u00dfere sendung eine trimediale strecke wie die von patrick kinsley anzulegen, w\u00fcrde ich sagen: gern. und das kostet ein trimediales honorar, n\u00e4mlich das dreifache des normalen honorars.<\/p>\n<p>so ist es aber nun leider nicht. deswegen nur gut, dass die gewerkschaft hier druck macht und dass sich manche autoren und redakteure wehren: trimedialit\u00e4t gibt&#8217;s nicht f\u00fcr lau.<\/p>\n","protected":false},"excerpt":{"rendered":"<p>trimedialer beitrag auf nyt.com in allen m\u00f6glichen sendern und zeitungsredaktionen verbreitet sich das wort &#8222;trimedialit\u00e4t&#8220;. das ist mehr als ein buzzword, es bedeutet n\u00e4mlich, dass man print\/ton, foto\/film, internet nicht unbedingt trennen kann. in den rundfunkredaktionen, die ich so kenne, bekommt deswegen seit jahren die online-redaktion immer mehr gewicht, und f\u00fcr typische radiojournalisten werden tarife [&hellip;]<\/p>\n","protected":false},"author":2,"featured_media":0,"comment_status":"closed","ping_status":"closed","sticky":false,"template":"","format":"standard","meta":{"footnotes":""},"categories":[1,922,25,534],"tags":[2138,2139,2137],"class_list":["post-6585","post","type-post","status-publish","format-standard","hentry","category-allgemein","category-computer-und-it","category-film","category-foto","tag-arbeitsverdichtung","tag-oeffentlich-rechtliche-medien","tag-trimedial"],"wp-worthy-pixel":{"ignored":false,"public":null,"server":null,"url":null},"wp-worthy-type":"normal","_links":{"self":[{"href":"https:\/\/www.maxschoenherr.de\/clock\/wp-json\/wp\/v2\/posts\/6585","targetHints":{"allow":["GET"]}}],"collection":[{"href":"https:\/\/www.maxschoenherr.de\/clock\/wp-json\/wp\/v2\/posts"}],"about":[{"href":"https:\/\/www.maxschoenherr.de\/clock\/wp-json\/wp\/v2\/types\/post"}],"author":[{"embeddable":true,"href":"https:\/\/www.maxschoenherr.de\/clock\/wp-json\/wp\/v2\/users\/2"}],"replies":[{"embeddable":true,"href":"https:\/\/www.maxschoenherr.de\/clock\/wp-json\/wp\/v2\/comments?post=6585"}],"version-history":[{"count":2,"href":"https:\/\/www.maxschoenherr.de\/clock\/wp-json\/wp\/v2\/posts\/6585\/revisions"}],"predecessor-version":[{"id":6588,"href":"https:\/\/www.maxschoenherr.de\/clock\/wp-json\/wp\/v2\/posts\/6585\/revisions\/6588"}],"wp:attachment":[{"href":"https:\/\/www.maxschoenherr.de\/clock\/wp-json\/wp\/v2\/media?parent=6585"}],"wp:term":[{"taxonomy":"category","embeddable":true,"href":"https:\/\/www.maxschoenherr.de\/clock\/wp-json\/wp\/v2\/categories?post=6585"},{"taxonomy":"post_tag","embeddable":true,"href":"https:\/\/www.maxschoenherr.de\/clock\/wp-json\/wp\/v2\/tags?post=6585"}],"curies":[{"name":"wp","href":"https:\/\/api.w.org\/{rel}","templated":true}]}}