{"id":6520,"date":"2017-05-03T14:48:25","date_gmt":"2017-05-03T12:48:25","guid":{"rendered":"http:\/\/www.maxschoenherr.de\/clock\/?p=6520"},"modified":"2017-05-03T17:26:50","modified_gmt":"2017-05-03T15:26:50","slug":"helli-der-dj","status":"publish","type":"post","link":"https:\/\/www.maxschoenherr.de\/clock\/helli-der-dj\/","title":{"rendered":"helli, der | DJ"},"content":{"rendered":"<p><img loading=\"lazy\" decoding=\"async\" class=\"mw-mmv-final-image jpg mw-mmv-dialog-is-open aligncenter\" src=\"https:\/\/upload.wikimedia.org\/wikipedia\/commons\/0\/04\/DJ_Hell%2C_Portr%C3%A4t_von_Greg_Gorman.jpg\" alt=\"\" width=\"486\" height=\"729\" crossorigin=\"anonymous\" \/><\/p>\n<p style=\"text-align: center;\"><em>dj hell, portraitiert von greg gorman, \u2192 <a href=\"https:\/\/de.wikipedia.org\/wiki\/DJ_Hell#\/media\/File:DJ_Hell,_Portr%C3%A4t_von_Greg_Gorman.jpg\">wiki commons<\/a><\/em><\/p>\n<p>an DJ hell kann ich mich gut erinnern. wir hatten aber nur eine punktuelle begegnung, die in der heute in der SZ erschienenen \u2192 <a href=\"http:\/\/www.sueddeutsche.de\/kultur\/dj-hell-im-portraet-hell-wie-die-nacht-1.3487434?reduced=true\">liebevollen hommage<\/a> von johanna adorj\u00e1n nicht erw\u00e4hnt und deswegen hier nachgeliefert wird.<\/p>\n<p><span data-offset-key=\"vuch-2-0\">wir nannten den helmut damals <em>helli<\/em> und luden ihn um 1990, vielleicht war&#8217;s auch 1992, in den z\u00fcndfunk ein. ich hatte wegen meiner h\u00e4ufigen englandbesuche drauf gedr\u00e4ngt, die endlich auch in deutschland aufkommende DJ-kultur irgendwie in die sendungen zu bringen, also statt des durchmoderierten musikjournalistischen gescheitDaherredens raum f\u00fcr DJing zu schaffen.<\/span><\/p>\n<p><span data-offset-key=\"vuch-2-0\">das f\u00fchrte dann zu einer (sp\u00e4ter meines wissens nach nicht fortgesetzten) kleinserie von einstundensendungen, in der jeweils ein DJ &#8222;auflegte&#8220;. ich wei\u00df noch, wie ich herumreiste und in england von einem damals bekannten DJ, dessen namen ich heute nicht mehr wei\u00df, einen kompletten mix f\u00fcr den z\u00fcndfunk schneidern lie\u00df, den wir dann 1:1 sendeten. ich glaube, helli war unsere nummer 2. es war eine seltsame studiobegegnung im BR mit ihm. seine beiden turntables passten \u00fcberhaupt nicht ins ambiente des studio X (ich wei\u00df noch, es war nicht das klassische studio 4). ich glaube, der damals nicht mehr ganz junge helli f\u00fchlte sich nicht wohl und sprach kaum was. wir, die wir ihn eingeladen hatten, vermutlich \u00fcber den kontakt durch <em>stephanie gollert<\/em>, und die techniker wussten nicht, wohin wir ihn stellen sollten: ins studio, in den regieraum? als die stunde im kasten war, gingen wir alle nach hause und wussten nur eins: hier stimmte irgendwas grunds\u00e4tzlich nicht. die heiligen hallen des damals noch sehr hochn\u00e4sigen und lange nicht verarmten BR und die rauheit der clubs passten einfach nicht zusammen. der englische DJ, den ich sendete, nahm seinen mix zuhause auf. w\u00e4re auch f\u00fcr helli besser gewesen. und der unten erw\u00e4hnte nikolai schrieb mir vorhin:<br \/>\n<\/span><\/p>\n<p style=\"padding-left: 30px;\">&#8222;In Berlin mixte Paul van Dyk im Schlafzimmer seiner Oma in Berlin Tempelhof seine Z\u00fcndfunkstunde zusammen. Der war m\u00e4chtig stolz darauf.&#8220;<\/p>\n<p><span data-offset-key=\"vuch-2-0\">die kleine reihe war damals in mancher hinsicht ungew\u00f6hnlich \u2013 und in der redaktion umstritten. zum beispiel mahnten einige freie moderatoren zu recht an, dass sie sich ihre sendepl\u00e4tze nicht wegnehmen lassen sollen. das ging dann gerade so gut, weil es sich um ausnahmen handelte, die dann vermutlich auch mit dem urlaub des ein oder anderen moderators korreliert wurde. ein anderes gegenargument gegen helli &amp; co. war, dass sie sich eben nicht als musikjournalisten geb\u00e4rdeten, sondern &#8222;nur&#8220; platten abspielten. dass im plattenabspielen eine hohe kunst lag, war gerade den \u00e4lteren in der redaktion nicht klar.<\/span><\/p>\n<p>ein f\u00f6rderer der idee war \u2192 <a href=\"https:\/\/de.wikipedia.org\/wiki\/Nikolai_von_Koslowski\">nikolai (von koslowski)<\/a>, der damals schon in berlin lebte und nie fest im z\u00fcndfunk moderiert hatte. und weil ich in der zeit langsam meinen absprung nach london und sp\u00e4ter k\u00f6ln vorbereitete, wei\u00df ich nicht, wie&#8217;s weiterging. wei\u00df nur, dass sich einige j\u00fcngere kollegInnen der techno-musik annahmen und diese dann brav moderiert in ihren sendungen spielten. uns (nikolai und mir) kam das nicht ad\u00e4quat vor, weil eine dance-nummer, eingerahmt von gescheiten worten, einfach ein nullinger ist.<\/p>\n","protected":false},"excerpt":{"rendered":"<p>dj hell, portraitiert von greg gorman, \u2192 wiki commons an DJ hell kann ich mich gut erinnern. wir hatten aber nur eine punktuelle begegnung, die in der heute in der SZ erschienenen \u2192 liebevollen hommage von johanna adorj\u00e1n nicht erw\u00e4hnt und deswegen hier nachgeliefert wird. wir nannten den helmut damals helli und luden ihn um [&hellip;]<\/p>\n","protected":false},"author":2,"featured_media":0,"comment_status":"closed","ping_status":"closed","sticky":false,"template":"","format":"standard","meta":{"footnotes":""},"categories":[1,248,524,4],"tags":[2121,2123,2122],"class_list":["post-6520","post","type-post","status-publish","format-standard","hentry","category-allgemein","category-historisches","category-musik","category-dramolette","tag-dj","tag-helli","tag-platten-auflegen"],"wp-worthy-pixel":{"ignored":false,"public":"eba1632d531f4a25bc4d16b5fd545d9a","server":"vg07.met.vgwort.de","url":"https:\/\/vg07.met.vgwort.de\/na\/eba1632d531f4a25bc4d16b5fd545d9a"},"wp-worthy-type":"normal","_links":{"self":[{"href":"https:\/\/www.maxschoenherr.de\/clock\/wp-json\/wp\/v2\/posts\/6520","targetHints":{"allow":["GET"]}}],"collection":[{"href":"https:\/\/www.maxschoenherr.de\/clock\/wp-json\/wp\/v2\/posts"}],"about":[{"href":"https:\/\/www.maxschoenherr.de\/clock\/wp-json\/wp\/v2\/types\/post"}],"author":[{"embeddable":true,"href":"https:\/\/www.maxschoenherr.de\/clock\/wp-json\/wp\/v2\/users\/2"}],"replies":[{"embeddable":true,"href":"https:\/\/www.maxschoenherr.de\/clock\/wp-json\/wp\/v2\/comments?post=6520"}],"version-history":[{"count":3,"href":"https:\/\/www.maxschoenherr.de\/clock\/wp-json\/wp\/v2\/posts\/6520\/revisions"}],"predecessor-version":[{"id":6523,"href":"https:\/\/www.maxschoenherr.de\/clock\/wp-json\/wp\/v2\/posts\/6520\/revisions\/6523"}],"wp:attachment":[{"href":"https:\/\/www.maxschoenherr.de\/clock\/wp-json\/wp\/v2\/media?parent=6520"}],"wp:term":[{"taxonomy":"category","embeddable":true,"href":"https:\/\/www.maxschoenherr.de\/clock\/wp-json\/wp\/v2\/categories?post=6520"},{"taxonomy":"post_tag","embeddable":true,"href":"https:\/\/www.maxschoenherr.de\/clock\/wp-json\/wp\/v2\/tags?post=6520"}],"curies":[{"name":"wp","href":"https:\/\/api.w.org\/{rel}","templated":true}]}}