{"id":6392,"date":"2017-03-21T00:33:12","date_gmt":"2017-03-20T22:33:12","guid":{"rendered":"http:\/\/www.maxschoenherr.de\/clock\/?p=6392"},"modified":"2017-03-21T00:45:34","modified_gmt":"2017-03-20T22:45:34","slug":"die-baerte-der-indianer","status":"publish","type":"post","link":"https:\/\/www.maxschoenherr.de\/clock\/die-baerte-der-indianer\/","title":{"rendered":"die b\u00e4rte der | indianer"},"content":{"rendered":"<p><img loading=\"lazy\" decoding=\"async\" class=\"aligncenter size-full wp-image-6397\" src=\"http:\/\/www.maxschoenherr.de\/clock\/wp-content\/uploads\/2017\/03\/B34FB8DA-EF64-4896-8178-07D017555FD1-2171-00000BEDAD332390.jpeg\" alt=\"\" width=\"220\" height=\"286\" \/><\/p>\n<p style=\"text-align: center;\"><em>wenig bart bei herrn\u00a0thayendanega<\/em><\/p>\n<p>im \u00bbAmerican Museum Or Repository Of Ancient And Modern Fugitive Pieces, Prose And Poetical, Volume 5\u00ab von 1809 wird die frage behandelt, warum die indigenen ureinwohner nordamerikas kaum bart haben. der autor dieser schwerwiegenden \u00fcberlegungen befragt einen zugereisten wei\u00dfen offizier und indianerexperten sowie einen, wie er sagt, f\u00fcr indianische verh\u00e4ltnisse relativ intelligenten mohawk namens <a href=\"https:\/\/de.wikipedia.org\/wiki\/Joseph_Brant\">thayendanega<\/a>. beide sind sich einig, dass indianerm\u00e4nner ordentliche b\u00e4rte haben k\u00f6nnten, wenn sie sich die haare nicht schon in der pubert\u00e4t anfingen, mit den wurzeln auszurei\u00dfen. dadurch wirkten indianergesichter so zart. <a href=\"https:\/\/de.wikipedia.org\/wiki\/John_Butler_(Pionier)\">colonel butler<\/a> kommt zu dem schluss, wenn indianer sich rasieren w\u00fcrden, w\u00e4ren ihre b\u00e4rte wohl mit denen der europ\u00e4er vergleichbar. herr\u00a0thayendanega alias captain brant dagegen meint, der bartwuchs des indianers sei prinzipiell d\u00fcrftiger als der der europ\u00e4er.<\/p>\n<p><img loading=\"lazy\" decoding=\"async\" class=\"aligncenter size-large wp-image-6393\" src=\"http:\/\/www.maxschoenherr.de\/clock\/wp-content\/uploads\/2017\/03\/IMG_7773-359x1024.jpg\" alt=\"\" width=\"359\" height=\"1024\" srcset=\"https:\/\/www.maxschoenherr.de\/clock\/wp-content\/uploads\/2017\/03\/IMG_7773-359x1024.jpg 359w, https:\/\/www.maxschoenherr.de\/clock\/wp-content\/uploads\/2017\/03\/IMG_7773-105x300.jpg 105w, https:\/\/www.maxschoenherr.de\/clock\/wp-content\/uploads\/2017\/03\/IMG_7773-768x2190.jpg 768w, https:\/\/www.maxschoenherr.de\/clock\/wp-content\/uploads\/2017\/03\/IMG_7773.jpg 895w\" sizes=\"auto, (max-width: 359px) 100vw, 359px\" \/><\/p>\n","protected":false},"excerpt":{"rendered":"<p>wenig bart bei herrn\u00a0thayendanega im \u00bbAmerican Museum Or Repository Of Ancient And Modern Fugitive Pieces, Prose And Poetical, Volume 5\u00ab von 1809 wird die frage behandelt, warum die indigenen ureinwohner nordamerikas kaum bart haben. der autor dieser schwerwiegenden \u00fcberlegungen befragt einen zugereisten wei\u00dfen offizier und indianerexperten sowie einen, wie er sagt, f\u00fcr indianische verh\u00e4ltnisse relativ [&hellip;]<\/p>\n","protected":false},"author":2,"featured_media":0,"comment_status":"closed","ping_status":"closed","sticky":false,"template":"","format":"standard","meta":{"footnotes":""},"categories":[1,248],"tags":[2079,1282],"class_list":["post-6392","post","type-post","status-publish","format-standard","hentry","category-allgemein","category-historisches","tag-bartwuchs","tag-indianer"],"wp-worthy-pixel":{"ignored":false,"public":null,"server":null,"url":null},"wp-worthy-type":"normal","_links":{"self":[{"href":"https:\/\/www.maxschoenherr.de\/clock\/wp-json\/wp\/v2\/posts\/6392","targetHints":{"allow":["GET"]}}],"collection":[{"href":"https:\/\/www.maxschoenherr.de\/clock\/wp-json\/wp\/v2\/posts"}],"about":[{"href":"https:\/\/www.maxschoenherr.de\/clock\/wp-json\/wp\/v2\/types\/post"}],"author":[{"embeddable":true,"href":"https:\/\/www.maxschoenherr.de\/clock\/wp-json\/wp\/v2\/users\/2"}],"replies":[{"embeddable":true,"href":"https:\/\/www.maxschoenherr.de\/clock\/wp-json\/wp\/v2\/comments?post=6392"}],"version-history":[{"count":4,"href":"https:\/\/www.maxschoenherr.de\/clock\/wp-json\/wp\/v2\/posts\/6392\/revisions"}],"predecessor-version":[{"id":6398,"href":"https:\/\/www.maxschoenherr.de\/clock\/wp-json\/wp\/v2\/posts\/6392\/revisions\/6398"}],"wp:attachment":[{"href":"https:\/\/www.maxschoenherr.de\/clock\/wp-json\/wp\/v2\/media?parent=6392"}],"wp:term":[{"taxonomy":"category","embeddable":true,"href":"https:\/\/www.maxschoenherr.de\/clock\/wp-json\/wp\/v2\/categories?post=6392"},{"taxonomy":"post_tag","embeddable":true,"href":"https:\/\/www.maxschoenherr.de\/clock\/wp-json\/wp\/v2\/tags?post=6392"}],"curies":[{"name":"wp","href":"https:\/\/api.w.org\/{rel}","templated":true}]}}