{"id":6358,"date":"2017-03-18T20:24:52","date_gmt":"2017-03-18T18:24:52","guid":{"rendered":"http:\/\/www.maxschoenherr.de\/clock\/?p=6358"},"modified":"2017-03-18T21:05:48","modified_gmt":"2017-03-18T19:05:48","slug":"feiner-streicher-abend","status":"publish","type":"post","link":"https:\/\/www.maxschoenherr.de\/clock\/feiner-streicher-abend\/","title":{"rendered":"feiner streicher | abend"},"content":{"rendered":"<p><img loading=\"lazy\" decoding=\"async\" class=\"aligncenter size-full wp-image-6359\" src=\"http:\/\/www.maxschoenherr.de\/clock\/wp-content\/uploads\/2017\/03\/plushMusik7poster.jpg\" alt=\"\" width=\"600\" height=\"453\" srcset=\"https:\/\/www.maxschoenherr.de\/clock\/wp-content\/uploads\/2017\/03\/plushMusik7poster.jpg 600w, https:\/\/www.maxschoenherr.de\/clock\/wp-content\/uploads\/2017\/03\/plushMusik7poster-300x227.jpg 300w\" sizes=\"auto, (max-width: 600px) 100vw, 600px\" \/><\/p>\n<p style=\"text-align: center;\"><em>plush music poster<\/em><\/p>\n<p style=\"text-align: left;\">martin entf\u00fchrte mich gestern ins k\u00f6lner \u2192 <a href=\"http:\/\/www.loftkoeln.de\/index.php\/de\/de\/events\/\">loft<\/a>, wo zum siebten mal der saxofonist \u2192 <a href=\"https:\/\/de.wikipedia.org\/wiki\/Hayden_Chisholm\">hayden chisholm<\/a> sein plush music festival pr\u00e4sentiert. chisholm kommt aus neuseeland und hat in k\u00f6ln musik studiert. der gestrige abend war einer mit vorwiegend streichern, begann mit c<span class=\"searchmatch\">laudio<\/span> b<span class=\"searchmatch\">oh\u00f3rquez, der sehr schnell und emotional bachs partita nr. 3 f\u00fcr violoncello spielte. feiner auftakt.<\/span><\/p>\n<p style=\"text-align: left;\"><img loading=\"lazy\" decoding=\"async\" class=\"aligncenter size-full wp-image-6360\" src=\"http:\/\/www.maxschoenherr.de\/clock\/wp-content\/uploads\/2017\/03\/Claudio-Bohorquez.jpg\" alt=\"\" width=\"600\" height=\"380\" srcset=\"https:\/\/www.maxschoenherr.de\/clock\/wp-content\/uploads\/2017\/03\/Claudio-Bohorquez.jpg 600w, https:\/\/www.maxschoenherr.de\/clock\/wp-content\/uploads\/2017\/03\/Claudio-Bohorquez-300x190.jpg 300w\" sizes=\"auto, (max-width: 600px) 100vw, 600px\" \/><\/p>\n<p style=\"text-align: center;\"><em>c<span class=\"searchmatch\">laudio<\/span> b<span class=\"searchmatch\">oh\u00f3rquez spielt bach<br \/>\n<\/span><\/em><\/p>\n<p style=\"text-align: left;\">es folgte tschaikowskys <em>Souvenir de Florence <\/em>f\u00fcr streichsextett, wo b<span class=\"searchmatch\">oh\u00f3rquez eins der celli spielte, abel selaocoe aus s\u00fcdafrika das zweite.<\/span><\/p>\n<p style=\"text-align: left;\"><img loading=\"lazy\" decoding=\"async\" class=\"aligncenter size-full wp-image-6361\" src=\"http:\/\/www.maxschoenherr.de\/clock\/wp-content\/uploads\/2017\/03\/transfiguredLoftStringQuartet.jpg\" alt=\"\" width=\"600\" height=\"338\" srcset=\"https:\/\/www.maxschoenherr.de\/clock\/wp-content\/uploads\/2017\/03\/transfiguredLoftStringQuartet.jpg 600w, https:\/\/www.maxschoenherr.de\/clock\/wp-content\/uploads\/2017\/03\/transfiguredLoftStringQuartet-300x169.jpg 300w\" sizes=\"auto, (max-width: 600px) 100vw, 600px\" \/><\/p>\n<p style=\"text-align: center;\"><em>streichsextett spielt tschaikowsky<\/em><\/p>\n<p style=\"text-align: left;\">eine stunde sp\u00e4ter spielte <span class=\"searchmatch\">abel selaocoe<\/span> ein verbl\u00fcffendes cello-solo mit gesang. von ihm gibt es zahlreiche videos, unter anderem \u2192 <a href=\"https:\/\/youtu.be\/3oZJ7rQhS-I\">dieses<\/a>, mit einem kurzen ausschnitt aus dem st\u00fcck gestern: \u2192 <a href=\"https:\/\/de.wikipedia.org\/wiki\/Giovanni_Sollima\">giovanni sollima<\/a>s <em>lamentatio<\/em>:<\/p>\n<p style=\"text-align: left;\"><img loading=\"lazy\" decoding=\"async\" class=\"aligncenter size-full wp-image-6362\" src=\"http:\/\/www.maxschoenherr.de\/clock\/wp-content\/uploads\/2017\/03\/Abel-Selaocoe.jpg\" alt=\"\" width=\"600\" height=\"600\" srcset=\"https:\/\/www.maxschoenherr.de\/clock\/wp-content\/uploads\/2017\/03\/Abel-Selaocoe.jpg 600w, https:\/\/www.maxschoenherr.de\/clock\/wp-content\/uploads\/2017\/03\/Abel-Selaocoe-300x300.jpg 300w\" sizes=\"auto, (max-width: 600px) 100vw, 600px\" \/><\/p>\n<p style=\"text-align: center;\">\u00a0<em><span class=\"searchmatch\">abel selaocoe<\/span> spielt sollima<\/em><\/p>\n<p style=\"text-align: left;\">der abend endete auf experimentelle art, mit dem trio DOHA, hayden chisholm, g<span class=\"st\">areth lubbe und claudio boh\u00f3rquez. sehr ber\u00fchrendes st\u00fcck, wo sich die streicher und die obertonges\u00e4nge exzellent erg\u00e4nzen und zusammenf\u00fcgen.<\/span><\/p>\n<p style=\"text-align: left;\"><img loading=\"lazy\" decoding=\"async\" class=\"aligncenter size-full wp-image-6363\" src=\"http:\/\/www.maxschoenherr.de\/clock\/wp-content\/uploads\/2017\/03\/doha_stringsVocalsSax.jpg\" alt=\"\" width=\"600\" height=\"347\" srcset=\"https:\/\/www.maxschoenherr.de\/clock\/wp-content\/uploads\/2017\/03\/doha_stringsVocalsSax.jpg 600w, https:\/\/www.maxschoenherr.de\/clock\/wp-content\/uploads\/2017\/03\/doha_stringsVocalsSax-300x174.jpg 300w\" sizes=\"auto, (max-width: 600px) 100vw, 600px\" \/><\/p>\n<p style=\"text-align: center;\"><em>DOHA-trio: gareth lubbe (mitte) mit obertongesang<\/em><\/p>\n<p style=\"text-align: left;\">von lubbe gibt es ein \u2192 <a href=\"https:\/\/www.youtube.com\/watch?v=8CYhEcpLjBo\">kleines obertongesangsvideo<\/a>. und hier ist er mit s\u00fcdafrikanischen kindern beim \u2192 <a href=\"https:\/\/www.youtube.com\/watch?v=TWsbXfqolJs\">kichern mit viola<\/a>.<\/p>\n<p style=\"text-align: left;\">damit ging eine runde, sehr professionelle veranstaltung zu ende. f\u00fcr 12 \u20ac geschenkt.<\/p>\n","protected":false},"excerpt":{"rendered":"<p>plush music poster martin entf\u00fchrte mich gestern ins k\u00f6lner \u2192 loft, wo zum siebten mal der saxofonist \u2192 hayden chisholm sein plush music festival pr\u00e4sentiert. chisholm kommt aus neuseeland und hat in k\u00f6ln musik studiert. der gestrige abend war einer mit vorwiegend streichern, begann mit claudio boh\u00f3rquez, der sehr schnell und emotional bachs partita nr. [&hellip;]<\/p>\n","protected":false},"author":2,"featured_media":0,"comment_status":"closed","ping_status":"closed","sticky":false,"template":"","format":"standard","meta":{"footnotes":""},"categories":[1,524],"tags":[],"class_list":["post-6358","post","type-post","status-publish","format-standard","hentry","category-allgemein","category-musik"],"wp-worthy-pixel":{"ignored":false,"public":null,"server":null,"url":null},"wp-worthy-type":"normal","_links":{"self":[{"href":"https:\/\/www.maxschoenherr.de\/clock\/wp-json\/wp\/v2\/posts\/6358","targetHints":{"allow":["GET"]}}],"collection":[{"href":"https:\/\/www.maxschoenherr.de\/clock\/wp-json\/wp\/v2\/posts"}],"about":[{"href":"https:\/\/www.maxschoenherr.de\/clock\/wp-json\/wp\/v2\/types\/post"}],"author":[{"embeddable":true,"href":"https:\/\/www.maxschoenherr.de\/clock\/wp-json\/wp\/v2\/users\/2"}],"replies":[{"embeddable":true,"href":"https:\/\/www.maxschoenherr.de\/clock\/wp-json\/wp\/v2\/comments?post=6358"}],"version-history":[{"count":3,"href":"https:\/\/www.maxschoenherr.de\/clock\/wp-json\/wp\/v2\/posts\/6358\/revisions"}],"predecessor-version":[{"id":6366,"href":"https:\/\/www.maxschoenherr.de\/clock\/wp-json\/wp\/v2\/posts\/6358\/revisions\/6366"}],"wp:attachment":[{"href":"https:\/\/www.maxschoenherr.de\/clock\/wp-json\/wp\/v2\/media?parent=6358"}],"wp:term":[{"taxonomy":"category","embeddable":true,"href":"https:\/\/www.maxschoenherr.de\/clock\/wp-json\/wp\/v2\/categories?post=6358"},{"taxonomy":"post_tag","embeddable":true,"href":"https:\/\/www.maxschoenherr.de\/clock\/wp-json\/wp\/v2\/tags?post=6358"}],"curies":[{"name":"wp","href":"https:\/\/api.w.org\/{rel}","templated":true}]}}