{"id":6331,"date":"2017-03-15T11:28:12","date_gmt":"2017-03-15T09:28:12","guid":{"rendered":"http:\/\/www.maxschoenherr.de\/clock\/?p=6331"},"modified":"2017-03-15T12:29:13","modified_gmt":"2017-03-15T10:29:13","slug":"radfahr-apps-wie-strava","status":"publish","type":"post","link":"https:\/\/www.maxschoenherr.de\/clock\/radfahr-apps-wie-strava\/","title":{"rendered":"radfahr-apps wie | strava"},"content":{"rendered":"<p><img loading=\"lazy\" decoding=\"async\" class=\"aligncenter size-full wp-image-6332\" src=\"http:\/\/www.maxschoenherr.de\/clock\/wp-content\/uploads\/2017\/03\/straveHomepage.jpg\" alt=\"\" width=\"600\" height=\"812\" srcset=\"https:\/\/www.maxschoenherr.de\/clock\/wp-content\/uploads\/2017\/03\/straveHomepage.jpg 600w, https:\/\/www.maxschoenherr.de\/clock\/wp-content\/uploads\/2017\/03\/straveHomepage-222x300.jpg 222w\" sizes=\"auto, (max-width: 600px) 100vw, 600px\" \/><\/p>\n<p>zu den angeblich meist genutzten bike tracking apps geh\u00f6rt STRAVA, programmiert von einem startup-unternehmen in san francisco. um den weg eines fahrrads und die damit verbundene anstrengung mitzuverfolgen, reicht ein beschleunigungssensor, wie er in allen smartphones verbaut ist, nicht aus. anders als die f\u00fcrs gehen typischen st\u00f6\u00dfe, wenn der fu\u00df den boden ber\u00fchrt, ist das radfahren eine sehr flie\u00dfende bewegung ohne markante beschleunigung beim treten. deswegen setzen bike tracking apps auf GPS-daten.<\/p>\n<p>ich habe jetzt paar tage strava genutzt. zun\u00e4chst musste ich mich (ich mache sowas aus prinzip nicht mit einem realen email-account) registrieren. die app startet und l\u00e4uft nun immer im hintergrund; man muss sie dazu zwingen, nicht automatisch zu starten. sie zwingt einen fast bei jedem aufrufen, auf premium upzugraden, wo man zahlen muss, oder der community beizutreten, um zu zeigen, wie toll man heute schon rad gefahren ist.<\/p>\n<p>ich wollte nur ausprobieren, wie die app mein radfahren \u2013 selbstverst\u00e4ndlich mit einem brompton bike \u2013 verfolgt. sie tat das \u00e4u\u00dferst m\u00e4\u00dfig, sodass ich sie jetzt deinstalliert habe: dauernd stoppte die aufzeichnung, und da, wo die app eigentlich wissen sollte, dass ich das rad im zug habe (keine stra\u00dfe, geschwindigkeit 256 km\/h), zeichnet es mir dann trotzdem schnurgerade strecken auf, wie im screenshot unten von k\u00f6ln nach w\u00fcrzburg. daf\u00fcr fehlen dann dort daten \u00fcber meine anstrengenden fahrten den berg hoch. auf dem r\u00fcckweg wird die app dann wieder ungefragt kreaktiv und erfindet die app dann einen weg, den ich nie geradelt und auch nicht mit dem zug gefahren bin, und entschuldigt sich immer wieder mit einer meldung dieser art: &#8222;strava hat nach einem problem das tracking wieder aufgenommen.&#8220; auch die fahrten innerhalb von k\u00f6ln (unten herausvergr\u00f6\u00dfert) stimmen nur teilweise.<\/p>\n<p><img loading=\"lazy\" decoding=\"async\" class=\"aligncenter size-large wp-image-6333\" src=\"http:\/\/www.maxschoenherr.de\/clock\/wp-content\/uploads\/2017\/03\/strava_baut_mist-586x1024.jpg\" alt=\"\" width=\"586\" height=\"1024\" srcset=\"https:\/\/www.maxschoenherr.de\/clock\/wp-content\/uploads\/2017\/03\/strava_baut_mist-586x1024.jpg 586w, https:\/\/www.maxschoenherr.de\/clock\/wp-content\/uploads\/2017\/03\/strava_baut_mist-172x300.jpg 172w, https:\/\/www.maxschoenherr.de\/clock\/wp-content\/uploads\/2017\/03\/strava_baut_mist.jpg 600w\" sizes=\"auto, (max-width: 586px) 100vw, 586px\" \/><\/p>\n<p style=\"text-align: center;\"><em>falsch verstandenes fahrrad-tracking<\/em><\/p>\n<p style=\"text-align: left;\">unterm strich: jede beliebige app, die das joggen oder gehen trackt, erkennt locker, wenn jemand sich mal nicht bewegt, weil er auf der bank sitzt oder im bett schl\u00e4ft. wenn diese beliebte bike app nicht merkt, dass ich auf schienen nicht mit 200 km\/h radfahren kann, ist f\u00fcr die tonne.<\/p>\n","protected":false},"excerpt":{"rendered":"<p>zu den angeblich meist genutzten bike tracking apps geh\u00f6rt STRAVA, programmiert von einem startup-unternehmen in san francisco. um den weg eines fahrrads und die damit verbundene anstrengung mitzuverfolgen, reicht ein beschleunigungssensor, wie er in allen smartphones verbaut ist, nicht aus. anders als die f\u00fcrs gehen typischen st\u00f6\u00dfe, wenn der fu\u00df den boden ber\u00fchrt, ist das [&hellip;]<\/p>\n","protected":false},"author":2,"featured_media":0,"comment_status":"closed","ping_status":"closed","sticky":false,"template":"","format":"standard","meta":{"footnotes":""},"categories":[1,859],"tags":[131,1852,2054,1261,2053],"class_list":["post-6331","post","type-post","status-publish","format-standard","hentry","category-allgemein","category-verbraucherschutz-2","tag-app","tag-fahrrad","tag-fitness","tag-tracking","tag-workout"],"wp-worthy-pixel":{"ignored":false,"public":"a17bbf938d69446cbe4e78de022d6849","server":"vg07.met.vgwort.de","url":"https:\/\/vg07.met.vgwort.de\/na\/a17bbf938d69446cbe4e78de022d6849"},"wp-worthy-type":"normal","_links":{"self":[{"href":"https:\/\/www.maxschoenherr.de\/clock\/wp-json\/wp\/v2\/posts\/6331","targetHints":{"allow":["GET"]}}],"collection":[{"href":"https:\/\/www.maxschoenherr.de\/clock\/wp-json\/wp\/v2\/posts"}],"about":[{"href":"https:\/\/www.maxschoenherr.de\/clock\/wp-json\/wp\/v2\/types\/post"}],"author":[{"embeddable":true,"href":"https:\/\/www.maxschoenherr.de\/clock\/wp-json\/wp\/v2\/users\/2"}],"replies":[{"embeddable":true,"href":"https:\/\/www.maxschoenherr.de\/clock\/wp-json\/wp\/v2\/comments?post=6331"}],"version-history":[{"count":5,"href":"https:\/\/www.maxschoenherr.de\/clock\/wp-json\/wp\/v2\/posts\/6331\/revisions"}],"predecessor-version":[{"id":6338,"href":"https:\/\/www.maxschoenherr.de\/clock\/wp-json\/wp\/v2\/posts\/6331\/revisions\/6338"}],"wp:attachment":[{"href":"https:\/\/www.maxschoenherr.de\/clock\/wp-json\/wp\/v2\/media?parent=6331"}],"wp:term":[{"taxonomy":"category","embeddable":true,"href":"https:\/\/www.maxschoenherr.de\/clock\/wp-json\/wp\/v2\/categories?post=6331"},{"taxonomy":"post_tag","embeddable":true,"href":"https:\/\/www.maxschoenherr.de\/clock\/wp-json\/wp\/v2\/tags?post=6331"}],"curies":[{"name":"wp","href":"https:\/\/api.w.org\/{rel}","templated":true}]}}