{"id":6300,"date":"2017-03-05T22:58:19","date_gmt":"2017-03-05T20:58:19","guid":{"rendered":"http:\/\/www.maxschoenherr.de\/clock\/?p=6300"},"modified":"2017-03-05T23:00:38","modified_gmt":"2017-03-05T21:00:38","slug":"c-a-uebernimmt-adler-1938","status":"publish","type":"post","link":"https:\/\/www.maxschoenherr.de\/clock\/c-a-uebernimmt-adler-1938\/","title":{"rendered":"C &#038; A \u00fcbernimmt Adler | 1938"},"content":{"rendered":"<p>in bremens zentrum waren bis 1938 zwei bekleidungsgesch\u00e4fte unmittelbar nebeneinander: Adler und C &amp; A. Adler geh\u00f6rte der j\u00fcdischen familie bialystock. C &amp; A, katholisch und &#8222;arisch&#8220;, \u00fcbernahm zu einem spottpreis das nachbargesch\u00e4ft. nach dem krieg arbeitete das unternehmen diese dunkle zeit auf. im foto unten (der fotograf war f\u00fcr mich nicht herauszufinden) ist das j\u00fcdische\u00a0gesch\u00e4ft 1937 zu sehen. ganz links, nur im anschnitt, das logo von C &amp;A.<\/p>\n<p><img loading=\"lazy\" decoding=\"async\" class=\"aligncenter size-full wp-image-6301\" src=\"http:\/\/www.maxschoenherr.de\/clock\/wp-content\/uploads\/2017\/03\/1488746974007.jpeg\" alt=\"\" width=\"600\" height=\"449\" srcset=\"https:\/\/www.maxschoenherr.de\/clock\/wp-content\/uploads\/2017\/03\/1488746974007.jpeg 600w, https:\/\/www.maxschoenherr.de\/clock\/wp-content\/uploads\/2017\/03\/1488746974007-300x225.jpeg 300w\" sizes=\"auto, (max-width: 600px) 100vw, 600px\" \/><\/p>\n<p style=\"text-align: center;\"><i>familie bialystock gibt gegen die nazis auf.<\/i><\/p>\n","protected":false},"excerpt":{"rendered":"<p>in bremens zentrum waren bis 1938 zwei bekleidungsgesch\u00e4fte unmittelbar nebeneinander: Adler und C &amp; A. Adler geh\u00f6rte der j\u00fcdischen familie bialystock. C &amp; A, katholisch und &#8222;arisch&#8220;, \u00fcbernahm zu einem spottpreis das nachbargesch\u00e4ft. nach dem krieg arbeitete das unternehmen diese dunkle zeit auf. im foto unten (der fotograf war f\u00fcr mich nicht herauszufinden) ist das [&hellip;]<\/p>\n","protected":false},"author":2,"featured_media":0,"comment_status":"closed","ping_status":"closed","sticky":false,"template":"","format":"standard","meta":{"footnotes":""},"categories":[1,534,248],"tags":[],"class_list":["post-6300","post","type-post","status-publish","format-standard","hentry","category-allgemein","category-foto","category-historisches"],"wp-worthy-pixel":{"ignored":false,"public":null,"server":null,"url":null},"wp-worthy-type":"normal","_links":{"self":[{"href":"https:\/\/www.maxschoenherr.de\/clock\/wp-json\/wp\/v2\/posts\/6300","targetHints":{"allow":["GET"]}}],"collection":[{"href":"https:\/\/www.maxschoenherr.de\/clock\/wp-json\/wp\/v2\/posts"}],"about":[{"href":"https:\/\/www.maxschoenherr.de\/clock\/wp-json\/wp\/v2\/types\/post"}],"author":[{"embeddable":true,"href":"https:\/\/www.maxschoenherr.de\/clock\/wp-json\/wp\/v2\/users\/2"}],"replies":[{"embeddable":true,"href":"https:\/\/www.maxschoenherr.de\/clock\/wp-json\/wp\/v2\/comments?post=6300"}],"version-history":[{"count":3,"href":"https:\/\/www.maxschoenherr.de\/clock\/wp-json\/wp\/v2\/posts\/6300\/revisions"}],"predecessor-version":[{"id":6304,"href":"https:\/\/www.maxschoenherr.de\/clock\/wp-json\/wp\/v2\/posts\/6300\/revisions\/6304"}],"wp:attachment":[{"href":"https:\/\/www.maxschoenherr.de\/clock\/wp-json\/wp\/v2\/media?parent=6300"}],"wp:term":[{"taxonomy":"category","embeddable":true,"href":"https:\/\/www.maxschoenherr.de\/clock\/wp-json\/wp\/v2\/categories?post=6300"},{"taxonomy":"post_tag","embeddable":true,"href":"https:\/\/www.maxschoenherr.de\/clock\/wp-json\/wp\/v2\/tags?post=6300"}],"curies":[{"name":"wp","href":"https:\/\/api.w.org\/{rel}","templated":true}]}}