{"id":6271,"date":"2017-02-07T17:20:51","date_gmt":"2017-02-07T15:20:51","guid":{"rendered":"http:\/\/www.maxschoenherr.de\/clock\/?p=6271"},"modified":"2017-02-07T17:26:57","modified_gmt":"2017-02-07T15:26:57","slug":"trump-erfindet-sich-feinde","status":"publish","type":"post","link":"https:\/\/www.maxschoenherr.de\/clock\/trump-erfindet-sich-feinde\/","title":{"rendered":"ein pr\u00e4sident in der | trotzphase"},"content":{"rendered":"<p><img loading=\"lazy\" decoding=\"async\" class=\"aligncenter size-full wp-image-6272\" src=\"http:\/\/www.maxschoenherr.de\/clock\/wp-content\/uploads\/2017\/02\/trump_foe.jpg\" alt=\"\" width=\"594\" height=\"110\" srcset=\"https:\/\/www.maxschoenherr.de\/clock\/wp-content\/uploads\/2017\/02\/trump_foe.jpg 594w, https:\/\/www.maxschoenherr.de\/clock\/wp-content\/uploads\/2017\/02\/trump_foe-300x56.jpg 300w\" sizes=\"auto, (max-width: 594px) 100vw, 594px\" \/><\/p>\n<p style=\"text-align: left;\">ein \u2192 <a href=\"https:\/\/www.nytimes.com\/2017\/02\/06\/opinion\/president-trumps-real-fear-the-courts.html\">editorial<\/a> in der heutigen ausgabe der new york times besch\u00e4ftigt sich mit trumps kollektiver verdammung der US-justiz und beginnt mit dem vielleicht trivialen, aber richtigen satz:<\/p>\n<p><span style=\"color: #808080;\">&#8222;wenn pr\u00e4sident trump nicht kriegt, was er will, sucht er sich gern jemanden, den er daf\u00fcr verantwortlich machen kann \u2013 verdorbene meinungsforscher, falsche w\u00e4hler, l\u00fcgende journalisten. jeder, der ihn und was er tut hinterfragt, wird zu seinem feind.&#8220;<\/span><\/p>\n<p style=\"text-align: left;\">die kinderpsychologie kennt dieses raster gut; es hei\u00dft da &#8222;trotzphase&#8220;. viele erwachsene, die nicht heil durch die trotzphasen des kindesalters durchkommen, setzen ihren willen mit mitteln durch, die alle auf trump zutreffen: die dinge schlecht machen, herumtoben und eben: andere diskreditieren.<\/p>\n<p style=\"text-align: left;\">in dem editorial wird auf trumps auslassungen gegen die justiz hingewiesen, diese mache sich ab sofort f\u00fcr jeden terroranschlag schuldig. diese argumentation ist deckungsgleich mit der, wo menschen, denen ein schwarzer hund in den garten pinkelt, zu rassenhassern werden. die deutschen hatten in den 1930er jahren eine kollektivschuld an den naziverbrechen. ein gro\u00dfer teil der amerikanischen bev\u00f6lkerung hat jetzt eine kollektivschuld an all dem, was der von ihnen demokratisch gew\u00e4hlte pr\u00e4sident an &#8222;b\u00f6sem&#8220; durchzieht. trump hat im wahlkampf nichts anderes gesagt, als was er jetzt tut, also kann niemand, der ihn gew\u00e4hlt hat, sagen, er habe nichts gewusst.<\/p>\n","protected":false},"excerpt":{"rendered":"<p>ein \u2192 editorial in der heutigen ausgabe der new york times besch\u00e4ftigt sich mit trumps kollektiver verdammung der US-justiz und beginnt mit dem vielleicht trivialen, aber richtigen satz: &#8222;wenn pr\u00e4sident trump nicht kriegt, was er will, sucht er sich gern jemanden, den er daf\u00fcr verantwortlich machen kann \u2013 verdorbene meinungsforscher, falsche w\u00e4hler, l\u00fcgende journalisten. jeder, [&hellip;]<\/p>\n","protected":false},"author":2,"featured_media":0,"comment_status":"closed","ping_status":"closed","sticky":false,"template":"","format":"standard","meta":{"footnotes":""},"categories":[1,1961],"tags":[2039,2041,2042,2038,2040,1958],"class_list":["post-6271","post","type-post","status-publish","format-standard","hentry","category-allgemein","category-politik","tag-defiant-phase","tag-kinderpsychologie","tag-kollektivschuld","tag-phase-of-defiance","tag-trotzphase","tag-trump"],"wp-worthy-pixel":{"ignored":false,"public":null,"server":null,"url":null},"wp-worthy-type":"normal","_links":{"self":[{"href":"https:\/\/www.maxschoenherr.de\/clock\/wp-json\/wp\/v2\/posts\/6271","targetHints":{"allow":["GET"]}}],"collection":[{"href":"https:\/\/www.maxschoenherr.de\/clock\/wp-json\/wp\/v2\/posts"}],"about":[{"href":"https:\/\/www.maxschoenherr.de\/clock\/wp-json\/wp\/v2\/types\/post"}],"author":[{"embeddable":true,"href":"https:\/\/www.maxschoenherr.de\/clock\/wp-json\/wp\/v2\/users\/2"}],"replies":[{"embeddable":true,"href":"https:\/\/www.maxschoenherr.de\/clock\/wp-json\/wp\/v2\/comments?post=6271"}],"version-history":[{"count":5,"href":"https:\/\/www.maxschoenherr.de\/clock\/wp-json\/wp\/v2\/posts\/6271\/revisions"}],"predecessor-version":[{"id":6277,"href":"https:\/\/www.maxschoenherr.de\/clock\/wp-json\/wp\/v2\/posts\/6271\/revisions\/6277"}],"wp:attachment":[{"href":"https:\/\/www.maxschoenherr.de\/clock\/wp-json\/wp\/v2\/media?parent=6271"}],"wp:term":[{"taxonomy":"category","embeddable":true,"href":"https:\/\/www.maxschoenherr.de\/clock\/wp-json\/wp\/v2\/categories?post=6271"},{"taxonomy":"post_tag","embeddable":true,"href":"https:\/\/www.maxschoenherr.de\/clock\/wp-json\/wp\/v2\/tags?post=6271"}],"curies":[{"name":"wp","href":"https:\/\/api.w.org\/{rel}","templated":true}]}}