{"id":6193,"date":"2017-01-23T12:22:08","date_gmt":"2017-01-23T10:22:08","guid":{"rendered":"http:\/\/www.maxschoenherr.de\/clock\/?p=6193"},"modified":"2017-01-23T12:35:22","modified_gmt":"2017-01-23T10:35:22","slug":"trump-mit-25","status":"publish","type":"post","link":"https:\/\/www.maxschoenherr.de\/clock\/trump-mit-25\/","title":{"rendered":"trump mit | 25"},"content":{"rendered":"<p>wenn man die donald trump-diktion verfolgt, gibt es h\u00e4ufig vorhersehbare reaktionen. wenn ein romanautor ihn als miesen betr\u00fcger in seinen text einbaut, tweetet trump zur\u00fcck, der autor sei a) v\u00f6llig unbedeutend, b) total unbegabt. \u00e4hnlich reagierte er auf die rede von meryl streep mit der aussage, sie sei eine &#8222;\u00fcbersch\u00e4tzte&#8220; schauspielerin.<\/p>\n<p>&#8222;Meryl Streep, one of the most over-rated actresses in Hollywood.&#8220; (tweet vom 9. januar 2017)<\/p>\n<p><img loading=\"lazy\" decoding=\"async\" class=\"aligncenter size-full wp-image-6194\" src=\"http:\/\/www.maxschoenherr.de\/clock\/wp-content\/uploads\/2017\/01\/trump1971_ridiculous.jpg\" alt=\"\" width=\"774\" height=\"874\" srcset=\"https:\/\/www.maxschoenherr.de\/clock\/wp-content\/uploads\/2017\/01\/trump1971_ridiculous.jpg 774w, https:\/\/www.maxschoenherr.de\/clock\/wp-content\/uploads\/2017\/01\/trump1971_ridiculous-266x300.jpg 266w, https:\/\/www.maxschoenherr.de\/clock\/wp-content\/uploads\/2017\/01\/trump1971_ridiculous-768x867.jpg 768w\" sizes=\"auto, (max-width: 774px) 100vw, 774px\" \/><\/p>\n<p style=\"text-align: center;\"><em>trump charged. new york times, 16. oktober 1973<\/em><\/p>\n<p>ich ging jetzt mal ins new york times archiv und suchte nach den fr\u00fchesten erw\u00e4hnungen donald trumps in dieser zeitung: 1971 taucht er das erste mal auf. er war damals 25 und hatte das immobilienimperium seines vaters \u00fcbernommen, mit damals 14.000 wohnungen in und um manhattan. die staatsanwaltschaft ging gegen trump vor, weil der verdacht im raum stand, dass er mietvertr\u00e4ge nach &#8222;race and color&#8220; abschloss.<\/p>\n<p>das ist nicht verwunderlich und deckt sich mit der agenda des neuen US-pr\u00e4sidenten. was aber auch interessant ist, ist die diktion von trump damals. er antwortete, haargenau im stil, wie er das heute tun w\u00fcrde: die anschuldigungen sind &#8222;absolut l\u00e4cherlich. wir haben nie jemanden diskriminiert und w\u00fcrden es nie tun. es gab eine ganze reihe kleiner aktionen gegen uns, die wir alle gewonnen haben. wir wurden wegen rassendiskriminierung angeklagt und haben vor gericht immer gewonnen.&#8220;<\/p>\n<p>wenn sich in 45 jahren nichts ge\u00e4ndert hat, wird sich auch in den n\u00e4chsten 4 nichts \u00e4ndern.<\/p>\n","protected":false},"excerpt":{"rendered":"<p>wenn man die donald trump-diktion verfolgt, gibt es h\u00e4ufig vorhersehbare reaktionen. wenn ein romanautor ihn als miesen betr\u00fcger in seinen text einbaut, tweetet trump zur\u00fcck, der autor sei a) v\u00f6llig unbedeutend, b) total unbegabt. \u00e4hnlich reagierte er auf die rede von meryl streep mit der aussage, sie sei eine &#8222;\u00fcbersch\u00e4tzte&#8220; schauspielerin. &#8222;Meryl Streep, one of [&hellip;]<\/p>\n","protected":false},"author":2,"featured_media":0,"comment_status":"closed","ping_status":"closed","sticky":false,"template":"","format":"standard","meta":{"footnotes":""},"categories":[1,248,1961],"tags":[1874,500,2020],"class_list":["post-6193","post","type-post","status-publish","format-standard","hentry","category-allgemein","category-historisches","category-politik","tag-donald-trump","tag-new-york-times","tag-rassendiskriminmierung"],"wp-worthy-pixel":{"ignored":false,"public":null,"server":null,"url":null},"wp-worthy-type":"normal","_links":{"self":[{"href":"https:\/\/www.maxschoenherr.de\/clock\/wp-json\/wp\/v2\/posts\/6193","targetHints":{"allow":["GET"]}}],"collection":[{"href":"https:\/\/www.maxschoenherr.de\/clock\/wp-json\/wp\/v2\/posts"}],"about":[{"href":"https:\/\/www.maxschoenherr.de\/clock\/wp-json\/wp\/v2\/types\/post"}],"author":[{"embeddable":true,"href":"https:\/\/www.maxschoenherr.de\/clock\/wp-json\/wp\/v2\/users\/2"}],"replies":[{"embeddable":true,"href":"https:\/\/www.maxschoenherr.de\/clock\/wp-json\/wp\/v2\/comments?post=6193"}],"version-history":[{"count":3,"href":"https:\/\/www.maxschoenherr.de\/clock\/wp-json\/wp\/v2\/posts\/6193\/revisions"}],"predecessor-version":[{"id":6197,"href":"https:\/\/www.maxschoenherr.de\/clock\/wp-json\/wp\/v2\/posts\/6193\/revisions\/6197"}],"wp:attachment":[{"href":"https:\/\/www.maxschoenherr.de\/clock\/wp-json\/wp\/v2\/media?parent=6193"}],"wp:term":[{"taxonomy":"category","embeddable":true,"href":"https:\/\/www.maxschoenherr.de\/clock\/wp-json\/wp\/v2\/categories?post=6193"},{"taxonomy":"post_tag","embeddable":true,"href":"https:\/\/www.maxschoenherr.de\/clock\/wp-json\/wp\/v2\/tags?post=6193"}],"curies":[{"name":"wp","href":"https:\/\/api.w.org\/{rel}","templated":true}]}}