{"id":5848,"date":"2016-08-12T18:47:13","date_gmt":"2016-08-12T16:47:13","guid":{"rendered":"http:\/\/www.maxschoenherr.de\/clock\/?p=5848"},"modified":"2016-08-12T22:52:09","modified_gmt":"2016-08-12T20:52:09","slug":"mit-ipad-radio-machen","status":"publish","type":"post","link":"https:\/\/www.maxschoenherr.de\/clock\/mit-ipad-radio-machen\/","title":{"rendered":"mit iPad | radio machen"},"content":{"rendered":"<p><img loading=\"lazy\" decoding=\"async\" class=\"aligncenter size-full wp-image-5851\" src=\"http:\/\/www.maxschoenherr.de\/clock\/wp-content\/uploads\/2016\/08\/iPadUploadZuDira.jpg\" alt=\"iPadUploadZuDira\" width=\"753\" height=\"253\" srcset=\"https:\/\/www.maxschoenherr.de\/clock\/wp-content\/uploads\/2016\/08\/iPadUploadZuDira.jpg 753w, https:\/\/www.maxschoenherr.de\/clock\/wp-content\/uploads\/2016\/08\/iPadUploadZuDira-300x101.jpg 300w\" sizes=\"auto, (max-width: 753px) 100vw, 753px\" \/><\/p>\n<p style=\"text-align: center;\"><em>ins DIRA-system des deutschlandfunks hochgeladene iPad-testdatei<\/em><\/p>\n<p>dies ist ein erfahrungsbericht zum thema radiojournalismus und iOS. ausl\u00f6ser f\u00fcr ein neues nachdenken \u00fcber das thema war, dass mein 10 jahre altes digitales aufnahmeger\u00e4t, das gr\u00f6\u00dfenm\u00e4\u00dfig unschlagbare sony TCM M10, langsam macken bekommt; vor allem aber wollte ich mich von PC und laptop befreien, weil ich ein iPad nutze, neuerdings das 12,8&#8220; pro. iOS-ger\u00e4te sperren sich gegen vieles, zum beispiel gegen den anschluss g\u00e4ngiger USB-ger\u00e4te. wenn ich auf einer SD-karte bilder, videos und musik\/interviews habe und sie \u00fcber das camera connection kit ans iPad anschlie\u00dfe, \u00fcberspielt mir das ger\u00e4t gern die fotos und filme, nicht aber das audiomaterial. der grund liegt im deal, den steven jobs vor vielen jahren mit der musikindustrie abgeschlossen hat. dazu geh\u00f6rt, dass musik nur \u00fcber iTunes ins ger\u00e4t kommt, also \u00fcber den rechner. deswegen nahm ich, wenn ich zum beispiel aus england beitr\u00e4ge an den deutschlandfunk absetzte, einen laptop-computer mit, auf dem wavelab lief, mein standard-schnitt- und mischprogramm. da wanderten die o-t\u00f6ne vom aufnahmerecorder via USB in den laptop. wavelab rechnet beliebige audioformate, also lud ich mp2 in 48 kHz hoch zum DIRA- oder DIGAS-system des senders. was aber, wenn ich auf den laptop verzichten m\u00f6chte?<\/p>\n<ol>\n<li>erstes problem: wie bekomme ich mein exquisites sennheiser-mikrofon mit seinen analogen stereoausg\u00e4ngen ans iPad angeschlossen?<\/li>\n<li>zweites problem: wie schneide ich die eingespielten interview-ot\u00f6ne am iPad?<\/li>\n<li>drittes problem: wie lade ich das fertige produkt von iPad zum sender hoch?<\/li>\n<\/ol>\n<p>alle probleme sind jetzt gel\u00f6st, und ich sage kurz (und sp\u00e4ter l\u00e4nger), wie:<\/p>\n<ol>\n<li>\u00fcber das IK iRig Pro Duo, ein interface in buttergr\u00f6\u00dfe, 200 \u20ac, kann ich das mikro mit seinen zwei XLR-steckern an den thunderbolt-kontakt des iPad anschlie\u00dfen.<\/li>\n<li>verschiedene apps erlauben das aufnehmen. ich nutzte dazu das in seiner kostenlosen, einfachen variante durchaus funktionable audio-schnittpro Hokusai 2.<\/li>\n<li>der direkte upload zum sender funktioniert nicht, weil die schnittsoftware die datei nicht offiziell lokal speichert. ich ging den umweg \u00fcber die dropbox. dann gab ich der redaktion den dropbox-link, und sie importierten das audiomaterial ins system. alternativ kann ich auch \u00fcbers portal des senders gehen, von dort den web-upload aus der dropbox starten.<\/li>\n<\/ol>\n","protected":false},"excerpt":{"rendered":"<p>ins DIRA-system des deutschlandfunks hochgeladene iPad-testdatei dies ist ein erfahrungsbericht zum thema radiojournalismus und iOS. ausl\u00f6ser f\u00fcr ein neues nachdenken \u00fcber das thema war, dass mein 10 jahre altes digitales aufnahmeger\u00e4t, das gr\u00f6\u00dfenm\u00e4\u00dfig unschlagbare sony TCM M10, langsam macken bekommt; vor allem aber wollte ich mich von PC und laptop befreien, weil ich ein iPad [&hellip;]<\/p>\n","protected":false},"author":2,"featured_media":0,"comment_status":"closed","ping_status":"closed","sticky":false,"template":"","format":"standard","meta":{"footnotes":""},"categories":[1,4],"tags":[],"class_list":["post-5848","post","type-post","status-publish","format-standard","hentry","category-allgemein","category-dramolette"],"wp-worthy-pixel":{"ignored":false,"public":"a8fe7be5cd0644c4a395a883434956a6","server":"vg07.met.vgwort.de","url":"https:\/\/vg07.met.vgwort.de\/na\/a8fe7be5cd0644c4a395a883434956a6"},"wp-worthy-type":"normal","_links":{"self":[{"href":"https:\/\/www.maxschoenherr.de\/clock\/wp-json\/wp\/v2\/posts\/5848","targetHints":{"allow":["GET"]}}],"collection":[{"href":"https:\/\/www.maxschoenherr.de\/clock\/wp-json\/wp\/v2\/posts"}],"about":[{"href":"https:\/\/www.maxschoenherr.de\/clock\/wp-json\/wp\/v2\/types\/post"}],"author":[{"embeddable":true,"href":"https:\/\/www.maxschoenherr.de\/clock\/wp-json\/wp\/v2\/users\/2"}],"replies":[{"embeddable":true,"href":"https:\/\/www.maxschoenherr.de\/clock\/wp-json\/wp\/v2\/comments?post=5848"}],"version-history":[{"count":4,"href":"https:\/\/www.maxschoenherr.de\/clock\/wp-json\/wp\/v2\/posts\/5848\/revisions"}],"predecessor-version":[{"id":5853,"href":"https:\/\/www.maxschoenherr.de\/clock\/wp-json\/wp\/v2\/posts\/5848\/revisions\/5853"}],"wp:attachment":[{"href":"https:\/\/www.maxschoenherr.de\/clock\/wp-json\/wp\/v2\/media?parent=5848"}],"wp:term":[{"taxonomy":"category","embeddable":true,"href":"https:\/\/www.maxschoenherr.de\/clock\/wp-json\/wp\/v2\/categories?post=5848"},{"taxonomy":"post_tag","embeddable":true,"href":"https:\/\/www.maxschoenherr.de\/clock\/wp-json\/wp\/v2\/tags?post=5848"}],"curies":[{"name":"wp","href":"https:\/\/api.w.org\/{rel}","templated":true}]}}