{"id":578,"date":"2013-10-29T19:10:33","date_gmt":"2013-10-29T17:10:33","guid":{"rendered":"http:\/\/www.maxschoenherr.de\/clock\/?p=578"},"modified":"2013-11-11T14:42:54","modified_gmt":"2013-11-11T12:42:54","slug":"fallbeil-fuer-gaensebluemchen","status":"publish","type":"post","link":"https:\/\/www.maxschoenherr.de\/clock\/fallbeil-fuer-gaensebluemchen\/","title":{"rendered":"fallbeil f\u00fcr g\u00e4nsebl\u00fcmchen"},"content":{"rendered":"<p>zwar ein bescheuerter titel, noch dazu f\u00fcr ein so ernstes st\u00fcck DDR-justizgeschichte und menschlichem elend. aber das &#8222;g\u00e4nsebl\u00fcmchen&#8220; kommt aus bekannt bescheuerter quelle, n\u00e4mlich dem &#8222;<a title=\"organisation gehlen in der wikipedia\" href=\"https:\/\/de.wikipedia.org\/wiki\/Organisation_Gehlen\" target=\"_blank\">dienst<\/a>&#8220; des nazis <a title=\"der nazi reinhard gehlen in der wikipedia\" href=\"https:\/\/de.wikipedia.org\/wiki\/Reinhard_Gehlen\" target=\"_blank\">gehlen<\/a>. w\u00e4re ich der bundesnachrichtendienst, ich w\u00fcrde mich heute noch sch\u00e4men, aus dieser organisation hervorgegangen zu sein. auch meine pers\u00f6nliche erfahrung der zusammenarbeit mit dem BND-archiv k\u00f6nnte dazu b\u00e4nde sprechen: man wei\u00df eigentlich nichts \u00fcber diesen fall, man wei\u00df auch \u00fcber andere f\u00e4lle aus der gehlen-\u00e4ra gar nichts.<\/p>\n<p><a href=\"http:\/\/www.maxschoenherr.de\/clock\/wp-content\/uploads\/2013\/10\/220px-Elli_Barczatis.jpg\"><img loading=\"lazy\" decoding=\"async\" class=\"aligncenter size-full wp-image-604\" alt=\"220px-Elli_Barczatis\" src=\"http:\/\/www.maxschoenherr.de\/clock\/wp-content\/uploads\/2013\/10\/220px-Elli_Barczatis.jpg\" width=\"220\" height=\"327\" srcset=\"https:\/\/www.maxschoenherr.de\/clock\/wp-content\/uploads\/2013\/10\/220px-Elli_Barczatis.jpg 220w, https:\/\/www.maxschoenherr.de\/clock\/wp-content\/uploads\/2013\/10\/220px-Elli_Barczatis-201x300.jpg 201w\" sizes=\"auto, (max-width: 220px) 100vw, 220px\" \/><\/a><\/p>\n<p>hier das hintergrundgespr\u00e4ch, 2011 in dradioWissen live gef\u00fchrt:<\/p>\n<p style=\"text-align: center;\"><a title=\"hintergrundgespr\u00e4ch \u00fcber 'fallbeil f\u00fcr g\u00e4nsebl\u00fcmchen'\" href=\"http:\/\/www.dradiowissen.de\/ddr-justiz-fallbeil-fuer-gaensebluemchen.38.de.html?dram:article_id=12724\" target=\"_blank\"><span style=\"color: #800000;\">Fallbeil f\u00fcr G\u00e4nsebl\u00fcmchen &#8211; Hintergrundgespr\u00e4ch zur WDR-Dokumentation<\/span><\/a><\/p>\n","protected":false},"excerpt":{"rendered":"<p>zwar ein bescheuerter titel, noch dazu f\u00fcr ein so ernstes st\u00fcck DDR-justizgeschichte und menschlichem elend. aber das &#8222;g\u00e4nsebl\u00fcmchen&#8220; kommt aus bekannt bescheuerter quelle, n\u00e4mlich dem &#8222;dienst&#8220; des nazis gehlen. w\u00e4re ich der bundesnachrichtendienst, ich w\u00fcrde mich heute noch sch\u00e4men, aus dieser organisation hervorgegangen zu sein. auch meine pers\u00f6nliche erfahrung der zusammenarbeit mit dem BND-archiv k\u00f6nnte [&hellip;]<\/p>\n","protected":false},"author":2,"featured_media":0,"comment_status":"closed","ping_status":"open","sticky":false,"template":"","format":"standard","meta":{"footnotes":""},"categories":[4],"tags":[185,184,11,183,188,186,187],"class_list":["post-578","post","type-post","status-publish","format-standard","hentry","category-dramolette","tag-barczatis","tag-bnd","tag-ddr","tag-gehlen","tag-justiz","tag-laurenz","tag-spionage"],"wp-worthy-pixel":{"ignored":false,"public":null,"server":null,"url":null},"wp-worthy-type":"normal","_links":{"self":[{"href":"https:\/\/www.maxschoenherr.de\/clock\/wp-json\/wp\/v2\/posts\/578","targetHints":{"allow":["GET"]}}],"collection":[{"href":"https:\/\/www.maxschoenherr.de\/clock\/wp-json\/wp\/v2\/posts"}],"about":[{"href":"https:\/\/www.maxschoenherr.de\/clock\/wp-json\/wp\/v2\/types\/post"}],"author":[{"embeddable":true,"href":"https:\/\/www.maxschoenherr.de\/clock\/wp-json\/wp\/v2\/users\/2"}],"replies":[{"embeddable":true,"href":"https:\/\/www.maxschoenherr.de\/clock\/wp-json\/wp\/v2\/comments?post=578"}],"version-history":[{"count":3,"href":"https:\/\/www.maxschoenherr.de\/clock\/wp-json\/wp\/v2\/posts\/578\/revisions"}],"predecessor-version":[{"id":705,"href":"https:\/\/www.maxschoenherr.de\/clock\/wp-json\/wp\/v2\/posts\/578\/revisions\/705"}],"wp:attachment":[{"href":"https:\/\/www.maxschoenherr.de\/clock\/wp-json\/wp\/v2\/media?parent=578"}],"wp:term":[{"taxonomy":"category","embeddable":true,"href":"https:\/\/www.maxschoenherr.de\/clock\/wp-json\/wp\/v2\/categories?post=578"},{"taxonomy":"post_tag","embeddable":true,"href":"https:\/\/www.maxschoenherr.de\/clock\/wp-json\/wp\/v2\/tags?post=578"}],"curies":[{"name":"wp","href":"https:\/\/api.w.org\/{rel}","templated":true}]}}