{"id":5644,"date":"2016-04-19T15:23:13","date_gmt":"2016-04-19T13:23:13","guid":{"rendered":"http:\/\/www.maxschoenherr.de\/clock\/?p=5644"},"modified":"2016-04-19T15:23:13","modified_gmt":"2016-04-19T13:23:13","slug":"oma-grau-und-granny-hair","status":"publish","type":"post","link":"https:\/\/www.maxschoenherr.de\/clock\/oma-grau-und-granny-hair\/","title":{"rendered":"oma-grau | und granny hair"},"content":{"rendered":"<p style=\"text-align: center;\"><img loading=\"lazy\" decoding=\"async\" class=\"aligncenter size-full wp-image-5645\" src=\"http:\/\/www.maxschoenherr.de\/clock\/wp-content\/uploads\/2016\/04\/kellyOsbourneWithGrannyHair.jpg\" alt=\"kellyOsbourneWithGrannyHair\" width=\"690\" height=\"690\" srcset=\"https:\/\/www.maxschoenherr.de\/clock\/wp-content\/uploads\/2016\/04\/kellyOsbourneWithGrannyHair.jpg 690w, https:\/\/www.maxschoenherr.de\/clock\/wp-content\/uploads\/2016\/04\/kellyOsbourneWithGrannyHair-300x300.jpg 300w\" sizes=\"auto, (max-width: 690px) 100vw, 690px\" \/><em>die rocks\u00e4ngerin kelly osbourne (33) mit lila get\u00f6ntem oma-grau. foto: eva rinaldi, wiki commons<\/em><\/p>\n<p style=\"text-align: left;\">ich sah in london so viele relativ junge frauen mit elegant grau gef\u00e4rbten haaren, dass ich jetzt den \u2192 <a href=\"https:\/\/de.wikipedia.org\/wiki\/Oma-Grau\">wikipedia-artikel \u00fcbers oma-grau<\/a> geschrieben habe.<\/p>\n","protected":false},"excerpt":{"rendered":"<p>die rocks\u00e4ngerin kelly osbourne (33) mit lila get\u00f6ntem oma-grau. foto: eva rinaldi, wiki commons ich sah in london so viele relativ junge frauen mit elegant grau gef\u00e4rbten haaren, dass ich jetzt den \u2192 wikipedia-artikel \u00fcbers oma-grau geschrieben habe.<\/p>\n","protected":false},"author":2,"featured_media":0,"comment_status":"closed","ping_status":"closed","sticky":false,"template":"","format":"standard","meta":{"footnotes":""},"categories":[1,534,631],"tags":[1889,1888,1886,1887],"class_list":["post-5644","post","type-post","status-publish","format-standard","hentry","category-allgemein","category-foto","category-wikipedia-2","tag-granny-grey","tag-granny-hair","tag-oma-grau","tag-oma-haare"],"wp-worthy-pixel":{"ignored":false,"public":null,"server":null,"url":null},"wp-worthy-type":"normal","_links":{"self":[{"href":"https:\/\/www.maxschoenherr.de\/clock\/wp-json\/wp\/v2\/posts\/5644","targetHints":{"allow":["GET"]}}],"collection":[{"href":"https:\/\/www.maxschoenherr.de\/clock\/wp-json\/wp\/v2\/posts"}],"about":[{"href":"https:\/\/www.maxschoenherr.de\/clock\/wp-json\/wp\/v2\/types\/post"}],"author":[{"embeddable":true,"href":"https:\/\/www.maxschoenherr.de\/clock\/wp-json\/wp\/v2\/users\/2"}],"replies":[{"embeddable":true,"href":"https:\/\/www.maxschoenherr.de\/clock\/wp-json\/wp\/v2\/comments?post=5644"}],"version-history":[{"count":1,"href":"https:\/\/www.maxschoenherr.de\/clock\/wp-json\/wp\/v2\/posts\/5644\/revisions"}],"predecessor-version":[{"id":5646,"href":"https:\/\/www.maxschoenherr.de\/clock\/wp-json\/wp\/v2\/posts\/5644\/revisions\/5646"}],"wp:attachment":[{"href":"https:\/\/www.maxschoenherr.de\/clock\/wp-json\/wp\/v2\/media?parent=5644"}],"wp:term":[{"taxonomy":"category","embeddable":true,"href":"https:\/\/www.maxschoenherr.de\/clock\/wp-json\/wp\/v2\/categories?post=5644"},{"taxonomy":"post_tag","embeddable":true,"href":"https:\/\/www.maxschoenherr.de\/clock\/wp-json\/wp\/v2\/tags?post=5644"}],"curies":[{"name":"wp","href":"https:\/\/api.w.org\/{rel}","templated":true}]}}