{"id":5077,"date":"2015-12-03T13:44:55","date_gmt":"2015-12-03T11:44:55","guid":{"rendered":"http:\/\/www.maxschoenherr.de\/clock\/?p=5077"},"modified":"2015-12-03T18:46:49","modified_gmt":"2015-12-03T16:46:49","slug":"russisch-tuerkische-kriege","status":"publish","type":"post","link":"https:\/\/www.maxschoenherr.de\/clock\/russisch-tuerkische-kriege\/","title":{"rendered":"russisch-t\u00fcrkische | kriege"},"content":{"rendered":"<p style=\"text-align: center;\"><a href=\"http:\/\/www.maxschoenherr.de\/clock\/wp-content\/uploads\/2015\/12\/RomeynDeHooghe-SchlachtBeiChocim-1673.jpg\"><img loading=\"lazy\" decoding=\"async\" class=\"aligncenter size-large wp-image-5079\" src=\"http:\/\/www.maxschoenherr.de\/clock\/wp-content\/uploads\/2015\/12\/RomeynDeHooghe-SchlachtBeiChocim-1673-1024x657.jpg\" alt=\"RomeynDeHooghe-SchlachtBeiChocim-1673\" width=\"640\" height=\"411\" srcset=\"https:\/\/www.maxschoenherr.de\/clock\/wp-content\/uploads\/2015\/12\/RomeynDeHooghe-SchlachtBeiChocim-1673-1024x657.jpg 1024w, https:\/\/www.maxschoenherr.de\/clock\/wp-content\/uploads\/2015\/12\/RomeynDeHooghe-SchlachtBeiChocim-1673-300x193.jpg 300w, https:\/\/www.maxschoenherr.de\/clock\/wp-content\/uploads\/2015\/12\/RomeynDeHooghe-SchlachtBeiChocim-1673.jpg 1209w\" sizes=\"auto, (max-width: 640px) 100vw, 640px\" \/><\/a><em>die schlacht bei chocim 1673 (hier siegt polen)<br \/>\n<\/em><\/p>\n<p style=\"text-align: justify;\">1672, also vor knapp 350 jahren, wurde der keim f\u00fcr elf (!) russisch-t\u00fcrkische kriege gelegt, die erst mit dem ersten weltkrieg endeten, weil der quasi alles an brutalit\u00e4t und gr\u00f6\u00dfenwahn in den schatten stellte. der <a href=\"https:\/\/de.wikipedia.org\/wiki\/Osmanisch-Polnischer_Krieg_1672%E2%80%931676\" target=\"_blank\">1672\u20131676er-krieg<\/a> fand zwischen den osmanen (t\u00fcrken) und den polen statt. polen verlor. unmittelbar im anschluss griffen die osmanen ein gebiet an, das der russische zar f\u00fcr sich beanspruchte. was k\u00f6nnte das wohl f\u00fcr ein gebiet gewesen sein?: die ukraine.<\/p>\n<p style=\"text-align: justify;\">der vorletzte der elf kriege war der krim-krieg 1853\u20131856, bei dem die t\u00fcrken die krim verloren,<\/p>\n<p style=\"text-align: justify;\">da schlie\u00dft sich ein kreis zu heute, eigentlich schlie\u00dfen sich mehrere kreise. alle <a href=\"https:\/\/de.wikipedia.org\/wiki\/Russisch-T%C3%BCrkische_Kriege\" target=\"_blank\">russisch-t\u00fcrkischen kriege<\/a> waren religions-gepr\u00e4gt. die t\u00fcrken und russen lieferten sich viele schlachten in einer gegend, die beide gar nichts angeht, n\u00e4mlich dem mittleren balkan. jugoslawien war eine russisch (sowjetische) fehlkonstruktion, woraus der letzte balkankrieg resultierte, wo sich christen und muslime massakrierten.<\/p>\n<p style=\"text-align: justify;\">die zentraleurop\u00e4er sahen bei den vielen kriegen relativ entspannt zu. das deutsche reich gab es so noch nicht, also waren die zentralm\u00e4chte die drei sch\u00f6n zentralistisch von k\u00f6nigen und kaisern regierten l\u00e4nder frankreich, england, \u00f6sterreich. alle drei waren allerdings auf eines scharf (und gaben sich dann immer sehr gro\u00dfz\u00fcgig, als gastgeber der friedenskonferenzen, zum beispiel in wien): wenn der, ironisch-ver\u00e4chtlich <a href=\"https:\/\/de.wikipedia.org\/wiki\/Kranker_Mann_am_Bosporus\" target=\"_blank\">kranker mann am bosporus<\/a> genannte t\u00fcrke endlich stirbt, d\u00fcrfen wir zentralm\u00e4chte den russen nicht das ganze kaputte reich dort \u00fcberlassen. rohstoffe! zugang zu fl\u00fcssen und meeren!<\/p>\n<p style=\"text-align: justify;\">soweit ein mini-parcours durch paar jahrhunderte weltgeschichte. beide gro\u00dfreiche, das t\u00fcrkische und das russische, hatten durch diese endlosen raubz\u00fcge soviele traumata erlebt, dass sie ganz klein wurden. aus diesem minderwertigkeitskomplex ist ein klein wenig zu erkl\u00e4ren, wie sich putin und erdogan heute auff\u00fchren. was das aktuelle ISIS-s\u00e4belrasseln angeht, spielt das aber nur eine untergeordnete rolle.<\/p>\n<hr \/>\n<p style=\"text-align: justify;\">*chocim hei\u00dft heute <a href=\"https:\/\/de.wikipedia.org\/wiki\/Chotyn\" target=\"_blank\">chotyn<\/a> und liegt im westen der ukraine. man muss sich mal angucken, wie &#8222;beliebt&#8220; diese kleine stadt (zurzeit 11.000 einwohner) war.<\/p>\n<ul>\n<li style=\"text-align: justify;\">1769 nahmen die russen sie ein,<\/li>\n<li style=\"text-align: justify;\">1788 die \u00f6sterreicher,<\/li>\n<li style=\"text-align: justify;\">1806 wieder die russen,<\/li>\n<li style=\"text-align: justify;\">1918 ein halbes jahr lang die \u00f6sterreicher,<\/li>\n<li style=\"text-align: justify;\">danach schlug man chotyn zu rum\u00e4nien,<\/li>\n<li style=\"text-align: justify;\">1940 fielen wieder russen ein,<\/li>\n<li style=\"text-align: justify;\">ein jahr sp\u00e4ter war es rum\u00e4nisch,<\/li>\n<li style=\"text-align: justify;\">ab 1945 dann sowjetisch,<\/li>\n<li style=\"text-align: justify;\">und seit 1991 geh\u00f6rt chotyn zur ukraine.<\/li>\n<\/ul>\n<p>&nbsp;<\/p>\n","protected":false},"excerpt":{"rendered":"<p>die schlacht bei chocim 1673 (hier siegt polen) 1672, also vor knapp 350 jahren, wurde der keim f\u00fcr elf (!) russisch-t\u00fcrkische kriege gelegt, die erst mit dem ersten weltkrieg endeten, weil der quasi alles an brutalit\u00e4t und gr\u00f6\u00dfenwahn in den schatten stellte. der 1672\u20131676er-krieg fand zwischen den osmanen (t\u00fcrken) und den polen statt. polen verlor. [&hellip;]<\/p>\n","protected":false},"author":2,"featured_media":0,"comment_status":"closed","ping_status":"closed","sticky":false,"template":"","format":"standard","meta":{"footnotes":""},"categories":[1,248],"tags":[1774,1399,1775,1773],"class_list":["post-5077","post","type-post","status-publish","format-standard","hentry","category-allgemein","category-historisches","tag-christentum","tag-islam","tag-orthodoxie","tag-ukraine"],"wp-worthy-pixel":{"ignored":false,"public":"57441e44827f4cae8c53e278c544e690","server":"vg07.met.vgwort.de","url":"https:\/\/vg07.met.vgwort.de\/na\/57441e44827f4cae8c53e278c544e690"},"wp-worthy-type":"normal","_links":{"self":[{"href":"https:\/\/www.maxschoenherr.de\/clock\/wp-json\/wp\/v2\/posts\/5077","targetHints":{"allow":["GET"]}}],"collection":[{"href":"https:\/\/www.maxschoenherr.de\/clock\/wp-json\/wp\/v2\/posts"}],"about":[{"href":"https:\/\/www.maxschoenherr.de\/clock\/wp-json\/wp\/v2\/types\/post"}],"author":[{"embeddable":true,"href":"https:\/\/www.maxschoenherr.de\/clock\/wp-json\/wp\/v2\/users\/2"}],"replies":[{"embeddable":true,"href":"https:\/\/www.maxschoenherr.de\/clock\/wp-json\/wp\/v2\/comments?post=5077"}],"version-history":[{"count":6,"href":"https:\/\/www.maxschoenherr.de\/clock\/wp-json\/wp\/v2\/posts\/5077\/revisions"}],"predecessor-version":[{"id":5085,"href":"https:\/\/www.maxschoenherr.de\/clock\/wp-json\/wp\/v2\/posts\/5077\/revisions\/5085"}],"wp:attachment":[{"href":"https:\/\/www.maxschoenherr.de\/clock\/wp-json\/wp\/v2\/media?parent=5077"}],"wp:term":[{"taxonomy":"category","embeddable":true,"href":"https:\/\/www.maxschoenherr.de\/clock\/wp-json\/wp\/v2\/categories?post=5077"},{"taxonomy":"post_tag","embeddable":true,"href":"https:\/\/www.maxschoenherr.de\/clock\/wp-json\/wp\/v2\/tags?post=5077"}],"curies":[{"name":"wp","href":"https:\/\/api.w.org\/{rel}","templated":true}]}}