{"id":5031,"date":"2015-11-17T13:30:59","date_gmt":"2015-11-17T11:30:59","guid":{"rendered":"http:\/\/www.maxschoenherr.de\/clock\/?p=5031"},"modified":"2015-11-19T15:20:53","modified_gmt":"2015-11-19T13:20:53","slug":"die-autonomen-minihoerspielserie-fuer-den-dlf","status":"publish","type":"post","link":"https:\/\/www.maxschoenherr.de\/clock\/die-autonomen-minihoerspielserie-fuer-den-dlf\/","title":{"rendered":"DIE AUTONOMEN | minih\u00f6rspielserie f\u00fcr den DLF"},"content":{"rendered":"<p style=\"text-align: center;\"><a href=\"http:\/\/www.maxschoenherr.de\/clock\/wp-content\/uploads\/2015\/11\/DIE-AUTONOMEN-GRAFIK.jpg\"><img loading=\"lazy\" decoding=\"async\" class=\"aligncenter size-full wp-image-5041\" src=\"http:\/\/www.maxschoenherr.de\/clock\/wp-content\/uploads\/2015\/11\/DIE-AUTONOMEN-GRAFIK.jpg\" alt=\"DIE-AUTONOMEN---GRAFIK\" width=\"800\" height=\"412\" srcset=\"https:\/\/www.maxschoenherr.de\/clock\/wp-content\/uploads\/2015\/11\/DIE-AUTONOMEN-GRAFIK.jpg 800w, https:\/\/www.maxschoenherr.de\/clock\/wp-content\/uploads\/2015\/11\/DIE-AUTONOMEN-GRAFIK-300x155.jpg 300w\" sizes=\"auto, (max-width: 800px) 100vw, 800px\" \/><\/a><em>grafik: ms. unter verwendung eines fotos von <a href=\"https:\/\/commons.wikimedia.org\/wiki\/File:InMoov_2.jpg\" target=\"_blank\">hairygael <\/a>(wiki commons)<\/em><\/p>\n<p style=\"text-align: center;\"><audio controls=\"controls\"><source src=\"http:\/\/www.maxschoenherr.de\/radio\/2015\/DIE AUTONOMEN - Trailer.mp3\" \/><!--fallback--><br \/>\nWenn Sie das nicht abspielen k\u00f6nnen, fehlt Ihrem Browser HTML5.<\/audio><br \/>\n<em>trailer f\u00fcr die serie<br \/>\n<\/em><\/p>\n<p><a href=\"http:\/\/www.maxschoenherr.de\/clock\/wp-content\/uploads\/2015\/11\/DIE-AUTONOMEN-\u2013-Skriptfoto.gif\"><img loading=\"lazy\" decoding=\"async\" class=\"aligncenter size-full wp-image-5032\" src=\"http:\/\/www.maxschoenherr.de\/clock\/wp-content\/uploads\/2015\/11\/DIE-AUTONOMEN-\u2013-Skriptfoto.gif\" alt=\"DIE-AUTONOMEN-\u2013-Skriptfoto\" width=\"700\" height=\"937\" \/><\/a><\/p>\n<p style=\"text-align: justify;\">mehr wird noch nicht verraten, denn die serie ist gerade in produktion und startet erst am \u00fcbern\u00e4chsten samstag: &#8222;die autonomen&#8220;, in computer &amp; kommunikation, jeden adventssamstag, 16.30 uhr.<\/p>\n<p style=\"text-align: justify;\">hier ein wenig spektakul\u00e4rer outtake:<\/p>\n<p style=\"text-align: center;\"><audio controls=\"controls\"><source src=\"http:\/\/www.maxschoenherr.de\/radio\/2015\/DIE AUTONOMEN_Outtake_1.mp3\" \/><!--fallback--><br \/>\nWenn Sie das nicht abspielen k\u00f6nnen, fehlt Ihrem Browser HTML5.<\/audio><br \/>\n<em>anja jazeschann vor dem sprechen der dritten episode<br \/>\n<\/em><\/p>\n","protected":false},"excerpt":{"rendered":"<p>grafik: ms. unter verwendung eines fotos von hairygael (wiki commons) Wenn Sie das nicht abspielen k\u00f6nnen, fehlt Ihrem Browser HTML5. trailer f\u00fcr die serie mehr wird noch nicht verraten, denn die serie ist gerade in produktion und startet erst am \u00fcbern\u00e4chsten samstag: &#8222;die autonomen&#8220;, in computer &amp; kommunikation, jeden adventssamstag, 16.30 uhr. hier ein wenig [&hellip;]<\/p>\n","protected":false},"author":2,"featured_media":0,"comment_status":"closed","ping_status":"closed","sticky":false,"template":"","format":"standard","meta":{"footnotes":""},"categories":[1,922,4],"tags":[528,1751,347,301],"class_list":["post-5031","post","type-post","status-publish","format-standard","hentry","category-allgemein","category-computer-und-it","category-dramolette","tag-deutschlandfunk","tag-forschung-aktuell","tag-hoerspiel","tag-studio"],"wp-worthy-pixel":{"ignored":false,"public":null,"server":null,"url":null},"wp-worthy-type":"normal","_links":{"self":[{"href":"https:\/\/www.maxschoenherr.de\/clock\/wp-json\/wp\/v2\/posts\/5031","targetHints":{"allow":["GET"]}}],"collection":[{"href":"https:\/\/www.maxschoenherr.de\/clock\/wp-json\/wp\/v2\/posts"}],"about":[{"href":"https:\/\/www.maxschoenherr.de\/clock\/wp-json\/wp\/v2\/types\/post"}],"author":[{"embeddable":true,"href":"https:\/\/www.maxschoenherr.de\/clock\/wp-json\/wp\/v2\/users\/2"}],"replies":[{"embeddable":true,"href":"https:\/\/www.maxschoenherr.de\/clock\/wp-json\/wp\/v2\/comments?post=5031"}],"version-history":[{"count":7,"href":"https:\/\/www.maxschoenherr.de\/clock\/wp-json\/wp\/v2\/posts\/5031\/revisions"}],"predecessor-version":[{"id":5042,"href":"https:\/\/www.maxschoenherr.de\/clock\/wp-json\/wp\/v2\/posts\/5031\/revisions\/5042"}],"wp:attachment":[{"href":"https:\/\/www.maxschoenherr.de\/clock\/wp-json\/wp\/v2\/media?parent=5031"}],"wp:term":[{"taxonomy":"category","embeddable":true,"href":"https:\/\/www.maxschoenherr.de\/clock\/wp-json\/wp\/v2\/categories?post=5031"},{"taxonomy":"post_tag","embeddable":true,"href":"https:\/\/www.maxschoenherr.de\/clock\/wp-json\/wp\/v2\/tags?post=5031"}],"curies":[{"name":"wp","href":"https:\/\/api.w.org\/{rel}","templated":true}]}}