{"id":4849,"date":"2015-08-21T00:05:06","date_gmt":"2015-08-20T22:05:06","guid":{"rendered":"http:\/\/www.maxschoenherr.de\/clock\/?p=4849"},"modified":"2015-08-21T00:07:25","modified_gmt":"2015-08-20T22:07:25","slug":"schrumpf-wort-auf-wdr-5","status":"publish","type":"post","link":"https:\/\/www.maxschoenherr.de\/clock\/schrumpf-wort-auf-wdr-5\/","title":{"rendered":"schrumpf | wort auf WDR 5"},"content":{"rendered":"<p>die spar-tiraden des WDR h\u00f6rfunks nehmen konkrete formen an. die einzige kommentarsendung des WDR rundfunks, politikum, l\u00e4sst federn. erstmal klingt es gut: statt (auf einem pl\u00f6tzlich f\u00fcr schlecht befundenen sendeplatz) von montag bis donnerstag wird jetzt (auf einem angeblich besseren sendeplatz) von montag bis freitag gesendet. prima! allerdings statt 25 minuten 10 minuten weniger. rechnen wir mal kurz:<\/p>\n<p style=\"text-align: center;\"><a href=\"http:\/\/www.maxschoenherr.de\/clock\/wp-content\/uploads\/2015\/08\/politikum-wortspar.jpg\"><img loading=\"lazy\" decoding=\"async\" class=\"aligncenter size-full wp-image-4850\" src=\"http:\/\/www.maxschoenherr.de\/clock\/wp-content\/uploads\/2015\/08\/politikum-wortspar.jpg\" alt=\"politikum-wortspar\" width=\"471\" height=\"531\" srcset=\"https:\/\/www.maxschoenherr.de\/clock\/wp-content\/uploads\/2015\/08\/politikum-wortspar.jpg 471w, https:\/\/www.maxschoenherr.de\/clock\/wp-content\/uploads\/2015\/08\/politikum-wortspar-266x300.jpg 266w\" sizes=\"auto, (max-width: 471px) 100vw, 471px\" \/><\/a><em>schrumpfendes wort <\/em><\/p>\n<p style=\"text-align: justify;\">die f\u00fcnf mal 15 minuten in zukunft sind 25 minuten weniger an sendezeit, in prozent sind das 75, also 25 % weniger. angenommen, vier redakteure best\u00fcckten bisher die sendung, w\u00fcrden jetzt drei reichen. angenommen 20 autoren best\u00fcckten das programm regelm\u00e4\u00dfig inhaltlich, kann man f\u00fcnf nach hause schicken.<\/p>\n<p style=\"text-align: justify;\">jetzt setzen wir das mal in relation zu einem von ex-intendantin monika piel an thomas gottschalk ausgezahlten gesch\u00e4tzten 5 millionen euro f\u00fcr eine gefloppte show. wie viele der nun eingesparten 25 minuten k\u00f6nnte man von diesen f\u00fcnf millionen mit solide honorierten, klugen beitr\u00e4gen f\u00fcllen? 3.333 st\u00fcck. wann w\u00e4ren die 3.333 25min\u00fcter abgesendet? in 64 jahren. da w\u00e4re WDR-intendant tom buhrow 120 jahre alt, h\u00f6rfunkchefin valerie weber 114, und die vorherige intendantin und h\u00f6rfunkdirektorin monika piel, die ich hier nicht ohne grund nenne, w\u00e4re dann 127 jahre alt.<\/p>\n<p style=\"text-align: justify;\">das ist kein pl\u00e4doyer f\u00fcr eine sendung. es ist nur eine demonstration, wie das, was im \u00f6ffentlich-rechtlichen rundfunk &#8222;anspruchsvolles wort&#8220; hei\u00dft, weiter demontiert wird.<\/p>\n","protected":false},"excerpt":{"rendered":"<p>die spar-tiraden des WDR h\u00f6rfunks nehmen konkrete formen an. die einzige kommentarsendung des WDR rundfunks, politikum, l\u00e4sst federn. erstmal klingt es gut: statt (auf einem pl\u00f6tzlich f\u00fcr schlecht befundenen sendeplatz) von montag bis donnerstag wird jetzt (auf einem angeblich besseren sendeplatz) von montag bis freitag gesendet. prima! allerdings statt 25 minuten 10 minuten weniger. rechnen [&hellip;]<\/p>\n","protected":false},"author":2,"featured_media":0,"comment_status":"closed","ping_status":"closed","sticky":false,"template":"","format":"standard","meta":{"footnotes":""},"categories":[1,4],"tags":[1603,692,757,1687,215],"class_list":["post-4849","post","type-post","status-publish","format-standard","hentry","category-allgemein","category-dramolette","tag-einsparungen","tag-oeffentlich-rechtlich","tag-politikum","tag-sparmassnahmen","tag-wdr"],"wp-worthy-pixel":{"ignored":false,"public":null,"server":null,"url":null},"wp-worthy-type":"normal","_links":{"self":[{"href":"https:\/\/www.maxschoenherr.de\/clock\/wp-json\/wp\/v2\/posts\/4849","targetHints":{"allow":["GET"]}}],"collection":[{"href":"https:\/\/www.maxschoenherr.de\/clock\/wp-json\/wp\/v2\/posts"}],"about":[{"href":"https:\/\/www.maxschoenherr.de\/clock\/wp-json\/wp\/v2\/types\/post"}],"author":[{"embeddable":true,"href":"https:\/\/www.maxschoenherr.de\/clock\/wp-json\/wp\/v2\/users\/2"}],"replies":[{"embeddable":true,"href":"https:\/\/www.maxschoenherr.de\/clock\/wp-json\/wp\/v2\/comments?post=4849"}],"version-history":[{"count":2,"href":"https:\/\/www.maxschoenherr.de\/clock\/wp-json\/wp\/v2\/posts\/4849\/revisions"}],"predecessor-version":[{"id":4852,"href":"https:\/\/www.maxschoenherr.de\/clock\/wp-json\/wp\/v2\/posts\/4849\/revisions\/4852"}],"wp:attachment":[{"href":"https:\/\/www.maxschoenherr.de\/clock\/wp-json\/wp\/v2\/media?parent=4849"}],"wp:term":[{"taxonomy":"category","embeddable":true,"href":"https:\/\/www.maxschoenherr.de\/clock\/wp-json\/wp\/v2\/categories?post=4849"},{"taxonomy":"post_tag","embeddable":true,"href":"https:\/\/www.maxschoenherr.de\/clock\/wp-json\/wp\/v2\/tags?post=4849"}],"curies":[{"name":"wp","href":"https:\/\/api.w.org\/{rel}","templated":true}]}}