{"id":4696,"date":"2015-07-21T12:38:02","date_gmt":"2015-07-21T10:38:02","guid":{"rendered":"http:\/\/www.maxschoenherr.de\/clock\/?p=4696"},"modified":"2015-07-22T22:35:35","modified_gmt":"2015-07-22T20:35:35","slug":"wdr-5-leonardo-wirbt-fuer-afd","status":"publish","type":"post","link":"https:\/\/www.maxschoenherr.de\/clock\/wdr-5-leonardo-wirbt-fuer-afd\/","title":{"rendered":"wirbt WDR 5 leonardo | f\u00fcr eine rechtspartei?"},"content":{"rendered":"<p style=\"text-align: justify;\">die sendung, die sich im untertitel &#8222;wissenschaft und mehr&#8220; nennt, ist meistens (und seit vielen jahren) \u2192 <a href=\"https:\/\/de.wikipedia.org\/wiki\/Die_Sendung_mit_der_Maus\" target=\"_blank\">die sendung mit der maus<\/a> auf erwachsenenniveau, also quasi die sendung mit der <em>gro\u00dfen maus<\/em>. \u00e4hnlich wie die kleine maus ist auch die gro\u00dfe leonardo-maus durchaus erfinderisch, wie man an den vielen reportagen h\u00f6rt, etwa bei menschen, die am wegesrand spatenarbeiten oder in der k\u00f6lner <em>flora<\/em> schwitzen. denn wie die kleinen kinder an ein thema herangef\u00fchrt werden m\u00fcssen (so ein g\u00e4ngiger mythos), wollen auch die gro\u00dfen h\u00f6rer herangef\u00fchrt werden (so ein g\u00e4ngiger mythos), und dann beginnt eben der beitrag \u00fcber den giftigen b\u00e4rwurz oder wie er hei\u00dft mit einer illustren landschaftsarchitektur-&#8222;atmo&#8220;, und der beitrag \u00fcber die krank machende gro\u00dfstadt mit \u2013 yep, gro\u00dfstadtl\u00e4rm!<\/p>\n<p style=\"text-align: justify;\">w\u00fcrde ich in einer journalistenschule lehren, dann lie\u00dfe ich meine studierende im ersten semester lauter solche beitr\u00e4ge bauen, etwa zum regenwald (in dem es regnet) oder zu orang utans (die orang utan-laute von sich geben) oder zur raumfahrt oder zum schnellen internet. die studierenden (die alle keinen job in der presse mehr bekommen, weil hier kaum jemand mehr etwas verdient) m\u00fcssten sich zu allem ger\u00e4usche einfallen lassen \u2013 die ich dann am semesterende alle wieder streiche, weil sie so trivial sind und den h\u00f6rer f\u00fcr dumm verkaufen. was f\u00fcr ein ger\u00e4usch beim schnellen internet? digitales piepsen! (im fernsehen kann man sich die router-von-hinten-mit-blinkenden-LEDs-aufnahmen dazu denken.) welches ger\u00e4usch bei raumfahrt? sph\u00e4rischer synthesizerklang.<\/p>\n<p style=\"text-align: justify;\">in der sendung mit der <em>kleinen maus<\/em> fragt \u2192 <a href=\"https:\/\/de.wikipedia.org\/wiki\/Armin_Maiwald\" target=\"_blank\">armin maiwald<\/a> <span style=\"color: #999999;\">(der angeblich gern sein bundesverdienstkreuz als anstecknadel mit sich herumtr\u00e4gt)<\/span>: wie kommen <span style=\"color: #0000ff;\">eigentlich <\/span>die streifen in die zahnpasta? und genauso fragt sich leonardo, die sendung mit der gro\u00dfen maus, woher <span style=\"color: #000080;\"><span style=\"color: #0000ff;\">eigentlich<\/span> <\/span>der knall beim sektkorken kommt? meine betonung liegt auf &#8222;eigentlich&#8220;, denn wer &#8222;eigentlich&#8220; sagt, hat nicht wirklich etwas zu sagen, au\u00dfer: <span style=\"color: #0000ff;\"><em>\u00fcbrigens;<\/em><\/span>\u00a0\u00fcbrigens ist uns auch noch das eingefallen; einen aktuellen anlass gibt es nicht, einen grund, uns das hier und jetzt zu vermitteln, auch nicht. als g\u00e4be es nichts tats\u00e4chlich relavantes f\u00fcr hier und heute.<\/p>\n<p style=\"text-align: center;\"><a href=\"http:\/\/www.maxschoenherr.de\/clock\/wp-content\/uploads\/2015\/07\/leonardoWDR5_wirbtF\u00fcrLucke.jpg\"><img loading=\"lazy\" decoding=\"async\" class=\"aligncenter size-full wp-image-4698\" src=\"http:\/\/www.maxschoenherr.de\/clock\/wp-content\/uploads\/2015\/07\/leonardoWDR5_wirbtF\u00fcrLucke.jpg\" alt=\"leonardoWDR5_wirbtF\u00fcrLucke\" width=\"640\" height=\"544\" srcset=\"https:\/\/www.maxschoenherr.de\/clock\/wp-content\/uploads\/2015\/07\/leonardoWDR5_wirbtF\u00fcrLucke.jpg 640w, https:\/\/www.maxschoenherr.de\/clock\/wp-content\/uploads\/2015\/07\/leonardoWDR5_wirbtF\u00fcrLucke-300x255.jpg 300w\" sizes=\"auto, (max-width: 640px) 100vw, 640px\" \/><\/a><em><a href=\"http:\/\/www.wdr5.de\/sendungen\/leonardo\/sendeterminseiten\/leo_sts712_tag-20072015.html\" target=\"_blank\">webseite von WDR 5 leonardo vom 20. juli 2015<\/a>, unterseite &#8222;neue partei alfa&#8220;<\/em><\/p>\n<p style=\"text-align: justify;\">das oben beschriebene ist \u00fcblich und vermutlich konzept dieser sendung,<span style=\"color: #000080;\"><strong>* <\/strong><span style=\"color: #000000;\">w\u00e4re mir aber keine silbe wert gewesen, wenn leonardo nicht mit der rechtsnationalen partei des herrn lucke, vormals AfD, aufgemacht h\u00e4tte. das kann (siehe den teasertext auf der WDR5-seite) als sympathie-bekundung verstanden werden. die ironie, die m\u00f6glicherweise dahinter steckt, funktioniert nicht. was soll ironisch daran sein, einen alphatier-affen mit einem eher schm\u00e4chtigen parteiaustreter gleichzusetzen? allein das namedropping im teasertext, in der anmoderation und im live-gespr\u00e4ch besagt: wir r\u00e4umen diesem mann, seiner partei und seinem gedankengut sendeplatz ein. und nicht wenig. um die 6 minuten.<br \/>\n<\/span><\/span><\/p>\n<p style=\"text-align: justify;\"><span style=\"color: #000080;\"><span style=\"color: #000000;\">ich kann mir lebhaft die redaktionssitzung am vergangenen freitag vorstellen: viele kollegen und manche der eh schon wenigen freien mitarbeiter, die man aus kostengr\u00fcnden noch besch\u00e4ftigen kann, sind im urlaub! was um himmels willen senden wir denn aktuelles am montag?<\/span><\/span><\/p>\n<p style=\"text-align: justify;\"><span style=\"color: #000080;\"><span style=\"color: #000000;\">da kam die (selbst f\u00fcr die tagesschau) bedeutungslose ausgr\u00fcndung der &#8222;Alfa&#8220;-partei aus der AfD gerade recht. denn man konnte <span style=\"color: #0000ff;\">bei der gelegenheit<\/span> &#8222;wissenschaftlich&#8220; nachfragen, was es in der tierwelt <span style=\"color: #0000ff;\">eigentlich<\/span> f\u00fcr alfas gibt? keine. aber alphas, mit ph!<\/span><\/span><\/p>\n<p style=\"text-align: justify;\"><span style=\"color: #000080;\"><span style=\"color: #000000;\">das ist ungef\u00e4hr so, als w\u00fcrde asylantenhasser horst seehofer aus der CSU austreten und eine &#8222;CS&#8220; gr\u00fcnden. dann k\u00f6nnte die sendung f\u00fcr die <em>gro\u00dfe maus<\/em>, wenn eh sommerloch und themenarmut herrschen, <span style=\"color: #0000ff;\">bei der gelegenheit<\/span> bisschen f\u00fcr die neue CS-partei werben, indem die redaktion eine fachjournalistin einl\u00e4dt, die locker \u00fcber \u2192 <a href=\"https:\/\/de.wikipedia.org\/wiki\/2-Chlorbenzylidenmalons%C3%A4uredinitril\" target=\"_blank\">CS-Gas<\/a> schwadroniert, vielleicht mit wissenschaftlich klugen s\u00e4tzen wie<\/span><\/span><\/p>\n<ul>\n<li style=\"text-align: justify;\"><span style=\"color: #000080;\"><span style=\"color: #000000;\">&#8222;Nach Angaben des United States Army Center for Health Promotion- and Preventive Medicine emittiert CS sehr giftige D\u00e4mpfe, wenn es bis zur Zersetzung erhitzt wird.&#8220;<\/span><strong><br \/>\n<\/strong><\/span><\/li>\n<\/ul>\n<p style=\"text-align: justify;\">[ratet mal, woher dieser satz kommt?]<\/p>\n<p style=\"text-align: justify;\">also, unterm strich: eine vermutlich politisch &#8222;ausgewogene&#8220; redaktion hat rechtsblind dem rechtspopulismus unkritisch sendezeit gewidmet. sehr ung\u00fcnstig in einem sommer, wo viele asylanten aus kriegsgebieten druck von biederen deutschen bekommen.<\/p>\n<p style=\"text-align: justify;\">ansonsten war die sendung ohne musik im podcast \u2192 <a href=\"https:\/\/de.wikipedia.org\/wiki\/Durchh%C3%B6rbarkeit\" target=\"_blank\">gut durchh\u00f6rbar<\/a>. wie immer: weniger wissenschaft als &#8222;&#8230; und mehr&#8220;. leichte kost f\u00fcr menschen, die nichts anbrennen lassen wollen \u2013 und hoffentlich nichts anz\u00fcnden.<\/p>\n<hr \/>\n<p style=\"text-align: justify;\"><strong>*&#8230; <\/strong>die <span style=\"color: #000080;\">\u00fcbrigens <\/span>im sog der WDR-einsparungsma\u00dfnahmsdiskussionen im nachtschatten von &#8222;yogis&#8220; <em>quarks und co.<\/em> liegt: alle autoren und manche redakteure der wissenschaftsredaktionen beklagen die finanziellen einschnitte ihres programms durch die neue WDR-f\u00fchrung, meinen damit aber nicht den h\u00f6rfunk, sondern das fernsehen.<\/p>\n","protected":false},"excerpt":{"rendered":"<p>die sendung, die sich im untertitel &#8222;wissenschaft und mehr&#8220; nennt, ist meistens (und seit vielen jahren) \u2192 die sendung mit der maus auf erwachsenenniveau, also quasi die sendung mit der gro\u00dfen maus. \u00e4hnlich wie die kleine maus ist auch die gro\u00dfe leonardo-maus durchaus erfinderisch, wie man an den vielen reportagen h\u00f6rt, etwa bei menschen, die [&hellip;]<\/p>\n","protected":false},"author":2,"featured_media":0,"comment_status":"closed","ping_status":"closed","sticky":false,"template":"","format":"standard","meta":{"footnotes":""},"categories":[1,4],"tags":[1637,1638,1636,845,1639,1640],"class_list":["post-4696","post","type-post","status-publish","format-standard","hentry","category-allgemein","category-dramolette","tag-afd","tag-alfa","tag-lucke","tag-medienkritik","tag-partei","tag-wissenschaftsjournalismus"],"wp-worthy-pixel":{"ignored":false,"public":"b2db2a09716e4e649c7efa455effe86c","server":"vg07.met.vgwort.de","url":"https:\/\/vg07.met.vgwort.de\/na\/b2db2a09716e4e649c7efa455effe86c"},"wp-worthy-type":"normal","_links":{"self":[{"href":"https:\/\/www.maxschoenherr.de\/clock\/wp-json\/wp\/v2\/posts\/4696","targetHints":{"allow":["GET"]}}],"collection":[{"href":"https:\/\/www.maxschoenherr.de\/clock\/wp-json\/wp\/v2\/posts"}],"about":[{"href":"https:\/\/www.maxschoenherr.de\/clock\/wp-json\/wp\/v2\/types\/post"}],"author":[{"embeddable":true,"href":"https:\/\/www.maxschoenherr.de\/clock\/wp-json\/wp\/v2\/users\/2"}],"replies":[{"embeddable":true,"href":"https:\/\/www.maxschoenherr.de\/clock\/wp-json\/wp\/v2\/comments?post=4696"}],"version-history":[{"count":15,"href":"https:\/\/www.maxschoenherr.de\/clock\/wp-json\/wp\/v2\/posts\/4696\/revisions"}],"predecessor-version":[{"id":4716,"href":"https:\/\/www.maxschoenherr.de\/clock\/wp-json\/wp\/v2\/posts\/4696\/revisions\/4716"}],"wp:attachment":[{"href":"https:\/\/www.maxschoenherr.de\/clock\/wp-json\/wp\/v2\/media?parent=4696"}],"wp:term":[{"taxonomy":"category","embeddable":true,"href":"https:\/\/www.maxschoenherr.de\/clock\/wp-json\/wp\/v2\/categories?post=4696"},{"taxonomy":"post_tag","embeddable":true,"href":"https:\/\/www.maxschoenherr.de\/clock\/wp-json\/wp\/v2\/tags?post=4696"}],"curies":[{"name":"wp","href":"https:\/\/api.w.org\/{rel}","templated":true}]}}