{"id":4686,"date":"2015-07-20T16:15:53","date_gmt":"2015-07-20T14:15:53","guid":{"rendered":"http:\/\/www.maxschoenherr.de\/clock\/?p=4686"},"modified":"2015-07-21T01:48:19","modified_gmt":"2015-07-20T23:48:19","slug":"4686","status":"publish","type":"post","link":"https:\/\/www.maxschoenherr.de\/clock\/4686\/","title":{"rendered":"neuronale netzwerke | konferenz in irland"},"content":{"rendered":"<p style=\"text-align: center;\"><a href=\"http:\/\/www.maxschoenherr.de\/clock\/wp-content\/uploads\/2015\/07\/killarney_Welcome_IJCNN.jpg\"><img loading=\"lazy\" decoding=\"async\" class=\"aligncenter size-full wp-image-4687\" src=\"http:\/\/www.maxschoenherr.de\/clock\/wp-content\/uploads\/2015\/07\/killarney_Welcome_IJCNN.jpg\" alt=\"killarney_Welcome_IJCNN\" width=\"600\" height=\"343\" srcset=\"https:\/\/www.maxschoenherr.de\/clock\/wp-content\/uploads\/2015\/07\/killarney_Welcome_IJCNN.jpg 600w, https:\/\/www.maxschoenherr.de\/clock\/wp-content\/uploads\/2015\/07\/killarney_Welcome_IJCNN-300x172.jpg 300w\" sizes=\"auto, (max-width: 600px) 100vw, 600px\" \/><\/a><em>killarney hei\u00dft die delegierten der neuronale netz-konferenz willkommen. foto: m.s.<\/em><\/p>\n<p style=\"text-align: justify;\">ich war die letzte woche bei einem fachkongress \u00fcber neuronale netze, big data und deep learning (\u2192 <a href=\"http:\/\/www.ijcnn.org\/\" target=\"_blank\">IJCNN 2015<\/a>) im irischen killarney. die reise hat der deutschlandfunk finanziert, wo wir demn\u00e4chst einen halbst\u00fcnder \u00fcber maschinelles lernen senden. eine kurze live-zusammenfassung gab es bereits am freitag, unmittelbar nach meiner r\u00fcckkehr. hier im gespr\u00e4ch mit DLF-redakteur ralf krauter:<\/p>\n<p style=\"text-align: center;\"><audio controls=\"controls\"><source src=\"http:\/\/www.maxschoenherr.de\/radio\/2015\/DLF_20150717_IJCNN - Neuronale Netzwerke - Konferenz in Killarney - Irland.mp3\" \/><!--fallback--><br \/>\nWenn Sie das nicht abspielen k\u00f6nnen, fehlt Ihrem Browser HTML5.<\/audio><br \/>\n<em>neuronale netzwerk-konferenz. livegespr\u00e4ch, 17. juli 2015, deutschlandfunk<br \/>\n<\/em><\/p>\n<p style=\"text-align: left;\">das foto oben mit dem plakat ist ein ausschnitt aus dem unten; mit dem typisch irischen sommerwetter. die beiden veranstaltungshotels in unmittelbarer nachbarschaft:<\/p>\n<p style=\"text-align: center;\"><a href=\"http:\/\/www.maxschoenherr.de\/clock\/wp-content\/uploads\/2015\/07\/IJCNN-Killarney-Venue.jpg\"><img loading=\"lazy\" decoding=\"async\" class=\"aligncenter size-large wp-image-4689\" src=\"http:\/\/www.maxschoenherr.de\/clock\/wp-content\/uploads\/2015\/07\/IJCNN-Killarney-Venue-1024x576.jpg\" alt=\"IJCNN---Killarney---Venue\" width=\"640\" height=\"360\" srcset=\"https:\/\/www.maxschoenherr.de\/clock\/wp-content\/uploads\/2015\/07\/IJCNN-Killarney-Venue-1024x576.jpg 1024w, https:\/\/www.maxschoenherr.de\/clock\/wp-content\/uploads\/2015\/07\/IJCNN-Killarney-Venue-300x169.jpg 300w, https:\/\/www.maxschoenherr.de\/clock\/wp-content\/uploads\/2015\/07\/IJCNN-Killarney-Venue.jpg 1200w\" sizes=\"auto, (max-width: 640px) 100vw, 640px\" \/><\/a><em>die IJCNN fand in zwei geb\u00e4uden im s\u00fcden von killarney statt. foto: m.s.<\/em><\/p>\n<p style=\"text-align: justify;\">die erste keynote gab \u00fcbrigens der emeritierte italienische neurowissenschaftler \u2192 <a href=\"https:\/\/de.wikipedia.org\/wiki\/Giacomo_Rizzolatti\" target=\"_blank\">giacomo rizzolatti<\/a>. und obwohl seine theorie der spiegelneuronen vor einem halben jahrzehnt so gehypet und von philosophen \u00fcbersch\u00e4tzt wurde, dass sie inzwischen fast in vergessenheit geriet, handelte man rizzolatti auf dieser hirnfremden und informatiknahen konferenz durchaus als kandidaten f\u00fcr einen nobelpreis.<\/p>\n<p style=\"text-align: center;\"><a href=\"http:\/\/www.maxschoenherr.de\/clock\/wp-content\/uploads\/2015\/07\/giacomoRizzolatti_IJCNN.jpg\"><img loading=\"lazy\" decoding=\"async\" class=\"aligncenter size-large wp-image-4693\" src=\"http:\/\/www.maxschoenherr.de\/clock\/wp-content\/uploads\/2015\/07\/giacomoRizzolatti_IJCNN-1024x576.jpg\" alt=\"giacomoRizzolatti_IJCNN\" width=\"640\" height=\"360\" srcset=\"https:\/\/www.maxschoenherr.de\/clock\/wp-content\/uploads\/2015\/07\/giacomoRizzolatti_IJCNN-1024x576.jpg 1024w, https:\/\/www.maxschoenherr.de\/clock\/wp-content\/uploads\/2015\/07\/giacomoRizzolatti_IJCNN-300x169.jpg 300w, https:\/\/www.maxschoenherr.de\/clock\/wp-content\/uploads\/2015\/07\/giacomoRizzolatti_IJCNN.jpg 1400w\" sizes=\"auto, (max-width: 640px) 100vw, 640px\" \/><\/a><em>giacomo rizzolatti er\u00f6ffnete die IJCNN mit spiegelneuronen. foto: m.s.<\/em><\/p>\n","protected":false},"excerpt":{"rendered":"<p>killarney hei\u00dft die delegierten der neuronale netz-konferenz willkommen. foto: m.s. ich war die letzte woche bei einem fachkongress \u00fcber neuronale netze, big data und deep learning (\u2192 IJCNN 2015) im irischen killarney. die reise hat der deutschlandfunk finanziert, wo wir demn\u00e4chst einen halbst\u00fcnder \u00fcber maschinelles lernen senden. eine kurze live-zusammenfassung gab es bereits am freitag, [&hellip;]<\/p>\n","protected":false},"author":2,"featured_media":0,"comment_status":"closed","ping_status":"closed","sticky":false,"template":"","format":"standard","meta":{"footnotes":""},"categories":[1,922,4],"tags":[528,1635,1634,1633],"class_list":["post-4686","post","type-post","status-publish","format-standard","hentry","category-allgemein","category-computer-und-it","category-dramolette","tag-deutschlandfunk","tag-ijcnn","tag-maschinenlernen","tag-neuronale-netze"],"wp-worthy-pixel":{"ignored":false,"public":null,"server":null,"url":null},"wp-worthy-type":"normal","_links":{"self":[{"href":"https:\/\/www.maxschoenherr.de\/clock\/wp-json\/wp\/v2\/posts\/4686","targetHints":{"allow":["GET"]}}],"collection":[{"href":"https:\/\/www.maxschoenherr.de\/clock\/wp-json\/wp\/v2\/posts"}],"about":[{"href":"https:\/\/www.maxschoenherr.de\/clock\/wp-json\/wp\/v2\/types\/post"}],"author":[{"embeddable":true,"href":"https:\/\/www.maxschoenherr.de\/clock\/wp-json\/wp\/v2\/users\/2"}],"replies":[{"embeddable":true,"href":"https:\/\/www.maxschoenherr.de\/clock\/wp-json\/wp\/v2\/comments?post=4686"}],"version-history":[{"count":5,"href":"https:\/\/www.maxschoenherr.de\/clock\/wp-json\/wp\/v2\/posts\/4686\/revisions"}],"predecessor-version":[{"id":4695,"href":"https:\/\/www.maxschoenherr.de\/clock\/wp-json\/wp\/v2\/posts\/4686\/revisions\/4695"}],"wp:attachment":[{"href":"https:\/\/www.maxschoenherr.de\/clock\/wp-json\/wp\/v2\/media?parent=4686"}],"wp:term":[{"taxonomy":"category","embeddable":true,"href":"https:\/\/www.maxschoenherr.de\/clock\/wp-json\/wp\/v2\/categories?post=4686"},{"taxonomy":"post_tag","embeddable":true,"href":"https:\/\/www.maxschoenherr.de\/clock\/wp-json\/wp\/v2\/tags?post=4686"}],"curies":[{"name":"wp","href":"https:\/\/api.w.org\/{rel}","templated":true}]}}