{"id":4568,"date":"2015-06-23T15:33:21","date_gmt":"2015-06-23T13:33:21","guid":{"rendered":"http:\/\/www.maxschoenherr.de\/clock\/?p=4568"},"modified":"2015-06-27T15:09:46","modified_gmt":"2015-06-27T13:09:46","slug":"workshop-flucht-und-vertreibung","status":"publish","type":"post","link":"https:\/\/www.maxschoenherr.de\/clock\/workshop-flucht-und-vertreibung\/","title":{"rendered":"workshop flucht | und vertreibung"},"content":{"rendered":"<p style=\"text-align: left;\"><a href=\"http:\/\/www.maxschoenherr.de\/clock\/wp-content\/uploads\/2015\/06\/workshopFluchtUndVertreibung_Juni2015.jpg\"><img loading=\"lazy\" decoding=\"async\" class=\"aligncenter size-full wp-image-4569\" src=\"http:\/\/www.maxschoenherr.de\/clock\/wp-content\/uploads\/2015\/06\/workshopFluchtUndVertreibung_Juni2015.jpg\" alt=\"workshopFluchtUndVertreibung_Juni2015\" width=\"1000\" height=\"472\" srcset=\"https:\/\/www.maxschoenherr.de\/clock\/wp-content\/uploads\/2015\/06\/workshopFluchtUndVertreibung_Juni2015.jpg 1000w, https:\/\/www.maxschoenherr.de\/clock\/wp-content\/uploads\/2015\/06\/workshopFluchtUndVertreibung_Juni2015-300x142.jpg 300w\" sizes=\"auto, (max-width: 1000px) 100vw, 1000px\" \/><\/a>Dr. Christoph Classen, Zentrum f\u00fcr Zeithistorische Forschung, Potsdam (links); Dr. J\u00f6rg-Uwe Fischer, Deutsches Rundfunkarchiv Potsdam; Prof. Dr. Michael Schwartz, Institut f\u00fcr Zeitgeschichte, Berlin; Prof. Dr. Bill Niven, Nottingham Trent University, England; Dr. Stephan Scholz, Carl von Ossietzky Universit\u00e4t Oldenburg. <span style=\"color: #999999;\"><em>foto: ms<\/em><\/span><\/p>\n<p style=\"text-align: left;\">dazu eine kleine sprachanalyse beim \u2192 <a href=\"http:\/\/www.dokublog.de\/site\/index.php?page=Artikel_lesen&amp;id=628\" target=\"_blank\">SWR dokublog<\/a>. mein bericht in DLF\/<em><a href=\"http:\/\/www.deutschlandfunk.de\/rundfunkgeschichten-von-fluechtlingen-noch-viele-schaetze.1148.de.html?dram:article_id=323685\" target=\"_blank\">aus kultur- und sozialwissenschaften<\/a><\/em> lief am 25. juli 2015. hier ist die um zwei minuten l\u00e4ngere fassung. im interview sind j\u00f6rg-uwe fischer und maren r\u00f6ger zu h\u00f6ren.<\/p>\n<p style=\"text-align: center;\"><audio controls=\"controls\"><source src=\"http:\/\/www.maxschoenherr.de\/radio\/2015\/Workshop Flucht und Vertreibung - DRA.mp3\" \/><!--fallback--><br \/>\nWenn Sie das nicht abspielen k\u00f6nnen, fehlt Ihrem Browser HTML5.<\/audio><br \/>\n<em>workshop flucht und vertreibung, deutschlandfunk<br \/>\n<\/em><\/p>\n","protected":false},"excerpt":{"rendered":"<p>Dr. Christoph Classen, Zentrum f\u00fcr Zeithistorische Forschung, Potsdam (links); Dr. J\u00f6rg-Uwe Fischer, Deutsches Rundfunkarchiv Potsdam; Prof. Dr. Michael Schwartz, Institut f\u00fcr Zeitgeschichte, Berlin; Prof. Dr. Bill Niven, Nottingham Trent University, England; Dr. Stephan Scholz, Carl von Ossietzky Universit\u00e4t Oldenburg. foto: ms dazu eine kleine sprachanalyse beim \u2192 SWR dokublog. mein bericht in DLF\/aus kultur- und [&hellip;]<\/p>\n","protected":false},"author":2,"featured_media":0,"comment_status":"closed","ping_status":"closed","sticky":false,"template":"","format":"standard","meta":{"footnotes":""},"categories":[1,248,4],"tags":[],"class_list":["post-4568","post","type-post","status-publish","format-standard","hentry","category-allgemein","category-historisches","category-dramolette"],"wp-worthy-pixel":{"ignored":false,"public":null,"server":null,"url":null},"wp-worthy-type":"normal","_links":{"self":[{"href":"https:\/\/www.maxschoenherr.de\/clock\/wp-json\/wp\/v2\/posts\/4568","targetHints":{"allow":["GET"]}}],"collection":[{"href":"https:\/\/www.maxschoenherr.de\/clock\/wp-json\/wp\/v2\/posts"}],"about":[{"href":"https:\/\/www.maxschoenherr.de\/clock\/wp-json\/wp\/v2\/types\/post"}],"author":[{"embeddable":true,"href":"https:\/\/www.maxschoenherr.de\/clock\/wp-json\/wp\/v2\/users\/2"}],"replies":[{"embeddable":true,"href":"https:\/\/www.maxschoenherr.de\/clock\/wp-json\/wp\/v2\/comments?post=4568"}],"version-history":[{"count":6,"href":"https:\/\/www.maxschoenherr.de\/clock\/wp-json\/wp\/v2\/posts\/4568\/revisions"}],"predecessor-version":[{"id":4587,"href":"https:\/\/www.maxschoenherr.de\/clock\/wp-json\/wp\/v2\/posts\/4568\/revisions\/4587"}],"wp:attachment":[{"href":"https:\/\/www.maxschoenherr.de\/clock\/wp-json\/wp\/v2\/media?parent=4568"}],"wp:term":[{"taxonomy":"category","embeddable":true,"href":"https:\/\/www.maxschoenherr.de\/clock\/wp-json\/wp\/v2\/categories?post=4568"},{"taxonomy":"post_tag","embeddable":true,"href":"https:\/\/www.maxschoenherr.de\/clock\/wp-json\/wp\/v2\/tags?post=4568"}],"curies":[{"name":"wp","href":"https:\/\/api.w.org\/{rel}","templated":true}]}}