{"id":4091,"date":"2015-02-22T13:22:38","date_gmt":"2015-02-22T11:22:38","guid":{"rendered":"http:\/\/www.maxschoenherr.de\/clock\/?p=4091"},"modified":"2015-02-22T15:27:55","modified_gmt":"2015-02-22T13:27:55","slug":"wikipedia-ein-fall-fuer-die-chronik","status":"publish","type":"post","link":"https:\/\/www.maxschoenherr.de\/clock\/wikipedia-ein-fall-fuer-die-chronik\/","title":{"rendered":"wikipedia | ein fall f\u00fcr die chronik"},"content":{"rendered":"<h3 style=\"text-align: center;\"><\/h3>\n<h3 style=\"text-align: center;\"><span id=\"1\" class=\"mw-headline\">1<\/span><\/h3>\n<h3 style=\"text-align: center;\"><span id=\"Machtgeb.C3.A4rden_in_Diskussionen\" class=\"mw-headline\">\u00a0<\/span><\/h3>\n<h4 style=\"text-align: left;\"><em><span id=\"Machtgeb.C3.A4rden_in_Diskussionen\" class=\"mw-headline\">Machtgeb\u00e4rden in Diskussionen&#8230;<\/span><\/em><\/h4>\n<p>aus <a title=\"Benutzer Diskussion:Label5\" href=\"https:\/\/de.wikipedia.org\/wiki\/Benutzer_Diskussion:Label5\">Benutzer_Diskussion:Label5<\/a> am 24. M\u00e4rz 2013. Fett von mir markiert Worte der Drohung oder indirekten Drohung. Pfiat di\u039bV\u00bf? Ist Label5<\/p>\n<pre>Zitat Beginn\r\n<\/pre>\n<p>ich hatte eh vor diese Show zu beenden, denn f\u00fcr derartige <i>Machtspielchen<\/i> einiger Benutzer mit erweiterten <b>Rechten<\/b> bin ich zu alt und das habe ich nicht n\u00f6tig. Die WW-Stimmen <i>werden folgen<\/i> und f\u00fcr Stefan64 <b>werde ich<\/b> wegen massiver Projektst\u00f6rung eine Deadmin und damit Abberufung aus dem h\u00f6heren Amt beantragen. Das darf je wohl nicht wahr sein, dass allein weil ich das Recht auf eine SPP wahrnehme, hierzu extra die Freischaltung durch drei Admins erfolgte, dann mit einer Sperrverl\u00e4ngerung bedroht werde? Das w\u00e4re ja das gleiche, als wenn ein Inhaftierter der einen Antrag auf vorzeitige Entlassung stellt, im Ablehnungsfall noch eine Strafverl\u00e4ngerung bekommt. Gehts eigentlich noch? Verliert man als Admin tats\u00e4chlich so sehr den Bezug zum Boden und der Realit\u00e4t? &#8211;Pfiat di\u039bV\u00bf? 20:23, 23. M\u00e4r. 2013 (CET)<\/p>\n<p>Nicht dass ich mich sonderlich vor deinem Vorhaben f\u00fcrchten w\u00fcrde, aber ich m\u00f6chte doch kurz anmerken, dass ich nicht f\u00fcr eine Verl\u00e4ngerung deiner Sperre pl\u00e4diert oder dich gar in irgendeiner Form &#8222;bedroht&#8220; habe. Gru\u00df, Stefan64 (Diskussion) 23:30, 23. M\u00e4r. 2013 (CET)<\/p>\n<p><b>Dein typisches Problem<\/b>, das Du wie auch andere, nur das lesen willst was Dir genehm ist, bzw. woraus Du dann eine <b>Bestrafung<\/b> konstruieren kannst. Wo genau schrieb ich, dass Du mich <b>bedroht<\/b> hast oder eine Sperrverl\u00e4ngerung forderstest? Aber was da letztlich ablief ist ja nach Beendigung der SPP verdeutlicht worden. JD l\u00e4sst gr\u00fc\u00dfen und imho noch die nie verziehene Auseinandersetzung mit dem fr\u00fchreren A.Savin\/S1. Wird keiner der Admins zugeben, aber wurde ja j\u00fcngst auf AN best\u00e4tigt. Und ob Du Dich vor irgendwas <b>f\u00fcrchtest<\/b> ist mir egal. Evtl. <b>werde ich das auch nochmals \u00fcberlegen<\/b>, denn wie hei\u00dft es, der Kl\u00fcgere gibt nach und auf ein gewisses Niveau werde ich mich nicht begeben. Allerdings bin ich durchaus in der Lage bestimmten <b>Machtdemonstrationen angemessen zu begegnen<\/b>. Das zumindest sollte die Causa S1 ja gezeigt haben. Wenn das jetzt wieder in eine neue Runde gehen soll, ja dann schaun mir mal was da raus kommt. Sonderlich f\u00fcrchten tue ich mich da auch nicht. &#8211;Pfiat di\u039bV\u00bf? 09:08, 24. M\u00e4r. 2013 (CET)<\/p>\n<pre>Zitat Ende\r\n<\/pre>\n<h3 style=\"text-align: center;\"><span id=\"2\" class=\"mw-headline\">2<\/span><\/h3>\n<p>aus <a title=\"Benutzer Diskussion:Label5\" href=\"https:\/\/de.wikipedia.org\/wiki\/Benutzer_Diskussion:Label5\">Benutzer_Diskussion:Label5<\/a> am 31. M\u00e4rz 2013 <a class=\"external autonumber\" href=\"https:\/\/de.wikipedia.org\/w\/index.php?title=Benutzer_Diskussion%3ALabel5&amp;diff=116357899&amp;oldid=116356602\">[6]<\/a>; der Benutzer neigt dazu, ihm unliebsame beitr\u00e4ge von seiner Diskussionsseite in sein Archiv zu verschieben. In diesem Fall passierte das innerhalb von 13 Minuten, mit dem Kommentar: \u201eIn dem Ton hast Du hier Sendepause, gehe mit Deiner Unf\u00e4higkeit anderen auf den Nerv\u201c.<\/p>\n<pre>Zitat Beginn\r\n<\/pre>\n<ul>\n<li>Bei der n\u00e4chsten<\/li>\n<\/ul>\n<p>Anma\u00dfung von Adminarbeit werde ich Dich wieder bei VM melden m\u00fcssen. Zitat: <a class=\"external free\" href=\"https:\/\/de.wikipedia.org\/wiki\/Wikipedia:SLA#Weiteres_Vorgehen\">http:\/\/de.wikipedia.org\/wiki\/Wikipedia:SLA#Weiteres_Vorgehen<\/a> <i>\u00dcber die Schnelll\u00f6schung entscheidet ein Administrator. Einspr\u00fcche k\u00f6nnen unter den Antrag geschrieben werden.<\/i> Halte Dich bitte daran. &#8212; <a title=\"Benutzer:Tom md\" href=\"https:\/\/de.wikipedia.org\/wiki\/Benutzer:Tom_md\">Der<\/a> <a title=\"Benutzer Diskussion:Tom md\" href=\"https:\/\/de.wikipedia.org\/wiki\/Benutzer_Diskussion:Tom_md\">Tom<\/a> 14:03, 31. M\u00e4r. 2013 (CEST)<\/p>\n<dl>\n<dd>Regelkenntnis 6 Setzen! SLA darf jeder Benutzer entfernen, und in einen regul\u00e4ren LA umwandeln. Dieser bestand ja bereits, also war nichts zu tun. Und dass Du ein Verst\u00e4ndnisproblem hast, wann was eine URV ist, habe ich schon \u00f6fter gemerkt. Lies mal <a title=\"Sch\u00f6pfungsh\u00f6he\" href=\"https:\/\/de.wikipedia.org\/wiki\/Sch%C3%B6pfungsh%C3%B6he\">Sch\u00f6pfungsh\u00f6he<\/a>. Und hier will ich Dich nicht mehr lesen!!! &#8212;<a title=\"Benutzer:Label5\" href=\"https:\/\/de.wikipedia.org\/wiki\/Benutzer:Label5\"><small>Pfiat di<\/small><b>\u039bV<\/b><sup>\u00bf?<\/sup><\/a> <sup><a title=\"Diskussionsseite\" href=\"https:\/\/de.wikipedia.org\/wiki\/Benutzer_Diskussion:Label5\"><img loading=\"lazy\" decoding=\"async\" src=\"https:\/\/upload.wikimedia.org\/wikipedia\/commons\/thumb\/8\/83\/Crystal_txt.png\/16px-Crystal_txt.png\" srcset=\"\/\/upload.wikimedia.org\/wikipedia\/commons\/thumb\/8\/83\/Crystal_txt.png\/24px-Crystal_txt.png 1.5x, \/\/upload.wikimedia.org\/wikipedia\/commons\/thumb\/8\/83\/Crystal_txt.png\/32px-Crystal_txt.png 2x\" alt=\"Diskussionsseite\" width=\"16\" height=\"16\" data-file-width=\"64\" data-file-height=\"64\" \/><\/a><\/sup> 14:10, 31. M\u00e4r. 2013 (CEST)<\/dd>\n<\/dl>\n<pre>Zitat Ende\r\n<\/pre>\n<h3 style=\"text-align: center;\"><span id=\"3\" class=\"mw-headline\">3<\/span><\/h3>\n<p>Zwei Jahre sp\u00e4ter bekommt der Nutzer zum x-ten Mal von einem Administrator eine Sperre auferlegt. Jeder Vorgang dieser Art ist mit enormem, nat\u00fcrlich unbezahltem Arbeits- und Diskussionsaufwand verbunden. Der Benutzer Label5 spricht sich inzwischen in seiner Signatur offen gegen die administrative Struktur der Wikipedia aus, weswegen ich ihm, obwohl das alles gar nicht lustig ist, leicht honorig riet, dem Opus Wikipedia doch einfach den R\u00fccken zu kehren, wenn er so wenig einverstanden mit den Prinzipien ist.<\/p>\n<p>Nach dem Ende seiner dreit\u00e4gigen Sperre Mitte Februar 2015 l\u00f6schte er meinen Eintrag. Er ist damit nicht gel\u00f6scht, sondern hier im Ged\u00e4chtnis der Wikipedia f\u00fcr die Ewigkeit verankert: <a class=\"external autonumber\" href=\"https:\/\/de.wikipedia.org\/w\/index.php?title=Benutzer_Diskussion%3ALabel5&amp;diff=138902057&amp;oldid=138889174\">[7]<\/a><\/p>\n","protected":false},"excerpt":{"rendered":"<p>1 \u00a0 Machtgeb\u00e4rden in Diskussionen&#8230; aus Benutzer_Diskussion:Label5 am 24. M\u00e4rz 2013. Fett von mir markiert Worte der Drohung oder indirekten Drohung. Pfiat di\u039bV\u00bf? Ist Label5 Zitat Beginn ich hatte eh vor diese Show zu beenden, denn f\u00fcr derartige Machtspielchen einiger Benutzer mit erweiterten Rechten bin ich zu alt und das habe ich nicht n\u00f6tig. Die [&hellip;]<\/p>\n","protected":false},"author":2,"featured_media":0,"comment_status":"closed","ping_status":"closed","sticky":false,"template":"","format":"standard","meta":{"footnotes":""},"categories":[1,922,631],"tags":[],"class_list":["post-4091","post","type-post","status-publish","format-standard","hentry","category-allgemein","category-computer-und-it","category-wikipedia-2"],"wp-worthy-pixel":{"ignored":false,"public":"35b495ad761843eea7b879c864c4249a","server":"vg07.met.vgwort.de","url":"https:\/\/vg07.met.vgwort.de\/na\/35b495ad761843eea7b879c864c4249a"},"wp-worthy-type":"normal","_links":{"self":[{"href":"https:\/\/www.maxschoenherr.de\/clock\/wp-json\/wp\/v2\/posts\/4091","targetHints":{"allow":["GET"]}}],"collection":[{"href":"https:\/\/www.maxschoenherr.de\/clock\/wp-json\/wp\/v2\/posts"}],"about":[{"href":"https:\/\/www.maxschoenherr.de\/clock\/wp-json\/wp\/v2\/types\/post"}],"author":[{"embeddable":true,"href":"https:\/\/www.maxschoenherr.de\/clock\/wp-json\/wp\/v2\/users\/2"}],"replies":[{"embeddable":true,"href":"https:\/\/www.maxschoenherr.de\/clock\/wp-json\/wp\/v2\/comments?post=4091"}],"version-history":[{"count":4,"href":"https:\/\/www.maxschoenherr.de\/clock\/wp-json\/wp\/v2\/posts\/4091\/revisions"}],"predecessor-version":[{"id":4095,"href":"https:\/\/www.maxschoenherr.de\/clock\/wp-json\/wp\/v2\/posts\/4091\/revisions\/4095"}],"wp:attachment":[{"href":"https:\/\/www.maxschoenherr.de\/clock\/wp-json\/wp\/v2\/media?parent=4091"}],"wp:term":[{"taxonomy":"category","embeddable":true,"href":"https:\/\/www.maxschoenherr.de\/clock\/wp-json\/wp\/v2\/categories?post=4091"},{"taxonomy":"post_tag","embeddable":true,"href":"https:\/\/www.maxschoenherr.de\/clock\/wp-json\/wp\/v2\/tags?post=4091"}],"curies":[{"name":"wp","href":"https:\/\/api.w.org\/{rel}","templated":true}]}}