{"id":3932,"date":"2015-01-13T02:33:27","date_gmt":"2015-01-13T00:33:27","guid":{"rendered":"http:\/\/www.maxschoenherr.de\/clock\/?p=3932"},"modified":"2015-01-13T09:35:27","modified_gmt":"2015-01-13T07:35:27","slug":"der-stachlige-stuhl","status":"publish","type":"post","link":"https:\/\/www.maxschoenherr.de\/clock\/der-stachlige-stuhl\/","title":{"rendered":"der stachlige | stuhl"},"content":{"rendered":"<p style=\"text-align: center;\"><a href=\"http:\/\/www.maxschoenherr.de\/clock\/wp-content\/uploads\/2015\/01\/folterstuhl.jpg\"><img loading=\"lazy\" decoding=\"async\" class=\"aligncenter wp-image-3933 size-full\" src=\"http:\/\/www.maxschoenherr.de\/clock\/wp-content\/uploads\/2015\/01\/folterstuhl.jpg\" alt=\"folterstuhl\" width=\"455\" height=\"686\" srcset=\"https:\/\/www.maxschoenherr.de\/clock\/wp-content\/uploads\/2015\/01\/folterstuhl.jpg 455w, https:\/\/www.maxschoenherr.de\/clock\/wp-content\/uploads\/2015\/01\/folterstuhl-199x300.jpg 199w\" sizes=\"auto, (max-width: 455px) 100vw, 455px\" \/><\/a><em>folter einer frau auf dem stachligen stuhl. kriminalmagazin 1930<\/em><\/p>\n<p style=\"text-align: justify;\">zu den mittelalterlichen standard-folterinstrumenten f\u00fcr frauen (warum eigentlich nicht f\u00fcr m\u00e4nner?) geh\u00f6rte der mit eisenn\u00e4geln gespickte folterstuhl, auch stachliger stuhl genannt, wie hier in der zeitschrift \u2192 <a title=\"illustrierte-presse.de - das kriminalmagazin\" href=\"http:\/\/www.illustrierte-presse.de\/die-zeitschriften\/werkansicht\/dlf\/73106\/1\/\" target=\"_blank\"><em>das kriminalmagazin<\/em><\/a> vom juli 1930. vermutlich eine illustration des hauszeichners der zeitschrift.<\/p>\n<p style=\"text-align: justify;\">einer von vielen f\u00e4llen ist die folter von hester jonas, der &#8222;hexe von neuss&#8220;. im <a title=\"hester jonas in der wikipedia\" href=\"https:\/\/de.wikipedia.org\/wiki\/Hester_Jonas\" target=\"_blank\">wikipedia-artikel \u00fcber sie<\/a> steht diese heute top-aktuelle* schilderung ihrer erfolterten gest\u00e4ndnisse:<\/p>\n<p style=\"padding-left: 30px;\"><span style=\"color: #666699;\">Im November des Jahres 1635 wurde sie (im Alter von etwa 64 Jahren) wegen <a style=\"color: #666699;\" title=\"Magie\" href=\"https:\/\/de.wikipedia.org\/wiki\/Magie\">Zauberei<\/a> verhaftet, verh\u00f6rt und gefoltert. Das Neusser B\u00fcrgermeistergericht bezichtigte sie des Schadenzaubers, des Abfalls von Gott, des <a style=\"color: #666699;\" title=\"Teufelspakt\" href=\"https:\/\/de.wikipedia.org\/wiki\/Teufelspakt\">Paktes mit dem Teufel<\/a> und der <a style=\"color: #666699;\" title=\"Teufelsbuhlschaft\" href=\"https:\/\/de.wikipedia.org\/wiki\/Teufelsbuhlschaft\">Teufelsbuhlschaft<\/a>. [&#8230;] Bei den ersten beiden Verh\u00f6ren am 15. und am 22.\u00a0November bestritt Jonas die gegen sie erhobenen Vorw\u00fcrfe. Am 19. und 20.\u00a0Dezember wurde sie jeweils f\u00fcr drei Stunden auf einen mit Eisenn\u00e4geln gespickten Folterstuhl, gesetzt.<\/span><\/p>\n<p style=\"padding-left: 30px;\"><span style=\"color: #666699;\">Nach der Folter legte sie ein \u201eGest\u00e4ndnis\u201c nach Wunsch der Anklage ab. Sie gab zu, mit einem schwarzen Mann namens \u201eHans Beelzebub\u201c mehrfach Unzucht getrieben und Menschen wie Tieren durch Zauber geschadet zu haben. Au\u00dferdem sei sie vom Teufel besessen. In derselben Nacht gelang ihr die Flucht aus dem \u201eNeuwachthaus\u201c. Sie wurde jedoch wenig sp\u00e4ter ergriffen und in den M\u00fchlenturm gesperrt. Dort widerrief sie ihr \u201eGest\u00e4ndnis\u201c. Nach Auspeitschung mit \u201escharfen Ruten\u201c wurde ihr Widerstand am folgenden Tag jedoch gebrochen. Sie gestand alle gegen sie erhobenen Vorw\u00fcrfe. Das Gericht verurteilte sie daraufhin zum Tode. Am 24.\u00a0Dezember 1635 wurde Jonas in Neuss von einem <a style=\"color: #666699;\" title=\"Scharfrichter\" href=\"https:\/\/de.wikipedia.org\/wiki\/Scharfrichter\">Scharfrichter<\/a> mit dem Schwert <a style=\"color: #666699;\" title=\"Enthauptung\" href=\"https:\/\/de.wikipedia.org\/wiki\/Enthauptung\">enthauptet<\/a>. Ihr K\u00f6rper wurde danach verbrannt, ihre Asche ist am gleichen Tag demonstrativ in alle Himmelsrichtungen verteilt worden.<\/span><\/p>\n<hr \/>\n<p>*siehe <a title=\"die US-medien | und die CIA-folter\" href=\"http:\/\/www.maxschoenherr.de\/clock\/?p=3609\" target=\"_blank\">CIA-folter<\/a>. die dokumente belegen, dass die CIA erfolterte gest\u00e4ndnisse glaubw\u00fcrdig fanden, ganz so, wie die mittelalterliche hexenjustiz der katholiken.<\/p>\n","protected":false},"excerpt":{"rendered":"<p>folter einer frau auf dem stachligen stuhl. kriminalmagazin 1930 zu den mittelalterlichen standard-folterinstrumenten f\u00fcr frauen (warum eigentlich nicht f\u00fcr m\u00e4nner?) geh\u00f6rte der mit eisenn\u00e4geln gespickte folterstuhl, auch stachliger stuhl genannt, wie hier in der zeitschrift \u2192 das kriminalmagazin vom juli 1930. vermutlich eine illustration des hauszeichners der zeitschrift. einer von vielen f\u00e4llen ist die folter [&hellip;]<\/p>\n","protected":false},"author":2,"featured_media":0,"comment_status":"closed","ping_status":"closed","sticky":false,"template":"","format":"standard","meta":{"footnotes":""},"categories":[1,534,248],"tags":[191,1418,1420,1419],"class_list":["post-3932","post","type-post","status-publish","format-standard","hentry","category-allgemein","category-foto","category-historisches","tag-folter","tag-mittelalter","tag-scheingestaendnis","tag-stuhl"],"wp-worthy-pixel":{"ignored":false,"public":"d9fb05d33b4641e493de5c3fd9d6efc5","server":"vg07.met.vgwort.de","url":"https:\/\/vg07.met.vgwort.de\/na\/d9fb05d33b4641e493de5c3fd9d6efc5"},"wp-worthy-type":"normal","_links":{"self":[{"href":"https:\/\/www.maxschoenherr.de\/clock\/wp-json\/wp\/v2\/posts\/3932","targetHints":{"allow":["GET"]}}],"collection":[{"href":"https:\/\/www.maxschoenherr.de\/clock\/wp-json\/wp\/v2\/posts"}],"about":[{"href":"https:\/\/www.maxschoenherr.de\/clock\/wp-json\/wp\/v2\/types\/post"}],"author":[{"embeddable":true,"href":"https:\/\/www.maxschoenherr.de\/clock\/wp-json\/wp\/v2\/users\/2"}],"replies":[{"embeddable":true,"href":"https:\/\/www.maxschoenherr.de\/clock\/wp-json\/wp\/v2\/comments?post=3932"}],"version-history":[{"count":6,"href":"https:\/\/www.maxschoenherr.de\/clock\/wp-json\/wp\/v2\/posts\/3932\/revisions"}],"predecessor-version":[{"id":3939,"href":"https:\/\/www.maxschoenherr.de\/clock\/wp-json\/wp\/v2\/posts\/3932\/revisions\/3939"}],"wp:attachment":[{"href":"https:\/\/www.maxschoenherr.de\/clock\/wp-json\/wp\/v2\/media?parent=3932"}],"wp:term":[{"taxonomy":"category","embeddable":true,"href":"https:\/\/www.maxschoenherr.de\/clock\/wp-json\/wp\/v2\/categories?post=3932"},{"taxonomy":"post_tag","embeddable":true,"href":"https:\/\/www.maxschoenherr.de\/clock\/wp-json\/wp\/v2\/tags?post=3932"}],"curies":[{"name":"wp","href":"https:\/\/api.w.org\/{rel}","templated":true}]}}