{"id":382,"date":"2013-09-07T22:42:35","date_gmt":"2013-09-07T20:42:35","guid":{"rendered":"http:\/\/www.maxschoenherr.de\/clock\/?p=382"},"modified":"2013-09-07T23:18:21","modified_gmt":"2013-09-07T21:18:21","slug":"ifa-berlin-philips-presents-the-digital-compact-disc-dcc-1991","status":"publish","type":"post","link":"https:\/\/www.maxschoenherr.de\/clock\/ifa-berlin-philips-presents-the-digital-compact-disc-dcc-1991\/","title":{"rendered":"IFA berlin 1991: philips &#8211; digital compact disc DCC"},"content":{"rendered":"<p><em>[for english, see below]<\/em> die internationale funkausstellung in berlin war fr\u00fcher viel gr\u00f6\u00dfer und wichtiger als heute. gro\u00dfe unterhaltungselektronikkonzerne stellten gern prototypen vor, von denen viele wegweisend waren. ich fand heute eine cassette vom 31. august 1991; da war ich als reporter f\u00fcr meine <a title=\"bit, byte, gebissen in der wikipedia\" href=\"https:\/\/de.wikipedia.org\/wiki\/Bit,_byte,_gebissen\" target=\"_blank\">computersendung im BR<\/a> auf der IFA und schnitt unter anderem die pressekonferenz von philips mit.<\/p>\n<p><a href=\"http:\/\/www.maxschoenherr.de\/clock\/wp-content\/uploads\/2013\/09\/300px-Digital_Compact_Cassette_logo.svg_.png\"><img loading=\"lazy\" decoding=\"async\" class=\"aligncenter size-full wp-image-386\" alt=\"300px-Digital_Compact_Cassette_logo.svg\" src=\"http:\/\/www.maxschoenherr.de\/clock\/wp-content\/uploads\/2013\/09\/300px-Digital_Compact_Cassette_logo.svg_.png\" width=\"300\" height=\"134\" \/><\/a><\/p>\n<p>philips stellte da erstmals in europa die <a title=\"DCC in der wikipedia\" href=\"https:\/\/de.wikipedia.org\/wiki\/Digital_Compact_Cassette\" target=\"_blank\">digitale compact cassette DCC<\/a> vor, als nachfolgerin der <a title=\"compact cassette in der wikipedia\" href=\"https:\/\/de.wikipedia.org\/wiki\/Compact_Cassette\" target=\"_blank\">compact cassette CC<\/a>. die DCC war ein debakel f\u00fcr philips, denn die <a title=\"minidisc in der wikipedia\" href=\"https:\/\/de.wikipedia.org\/wiki\/MiniDisc\" target=\"_blank\">minidisc MD<\/a> von sony aus demselben jahr machte das (kleine) rennen, bevor, wenige jahre sp\u00e4ter, die CD zum selberbrennen das feld abr\u00e4umte. dieser originalton in englischer sprache zeichnet ein feines bild, wie eine neue technik mit gro\u00dfen worten und ehrenhaften visionen eingef\u00fchrt wird. wer die argumente von damals heute h\u00f6rt, dem wird r\u00fcckblickend v\u00f6llig klar, warum die DCC scheitern musste. ein k\u00fcnstler, den philips f\u00fcr die DCC gewinnen konnte und der offiziell f\u00fcr sie warb, war \u00fcbrigens udo lindenberg. michael jackson war dagegen auf der seite der MD.<\/p>\n<p>ich konnte nicht herausfinden, wie der redner in dem o-ton hei\u00dft; vermutlich kam er aus dem DCC-entwicklerteam. wer&#8217;s wei\u00df, m\u00f6ge mir eine <a title=\"kontakt zu mir\" href=\"http:\/\/www.maxschoenherr.de\/vita\/kontakt.html\" target=\"_blank\">mail<\/a> schicken. wie alle originalt\u00f6ne <a title=\"weblog home\" href=\"http:\/\/www.maxschoenherr.de\/clock\" target=\"_blank\">hier <\/a>ist auch dieser nicht zur kopie freigegeben.<\/p>\n<p style=\"text-align: center;\"><audio width=\"400\" height=\"32\" controls=\"controls\"><source src=\"http:\/\/www.maxschoenherr.de\/radio\/IFA_Berlin_1991_Pihlips_presents_DCC.mp3\" type=\"audio\/mp3\" \/><!--fallback--><br \/>\nWenn Sie das nicht abspielen k\u00f6nnen, fehlt Ihrem Browser HTML5.<\/audio><\/p>\n<p><em>english:<\/em> philips presented the <a title=\"DCC in wikipedia\" href=\"https:\/\/en.wikipedia.org\/wiki\/Digital_Compact_Cassette\" target=\"_blank\">digital compact cassette DCC<\/a> at the international radio and TV exhibition IFA in berlin on august 31, 1991. i attended the press conference and recorded large parts of it. don&#8217;t know who the speaker is. probably someone from philips&#8216; DCC development team. please refrain from copying this file. it&#8217;s not <a title=\"creative commons definition\" href=\"https:\/\/de.wikipedia.org\/wiki\/Creative_Commons\" target=\"_blank\">CC<\/a>. btw: i found <a title=\"chicago tribune on DCC 1991\" href=\"http:\/\/articles.chicagotribune.com\/1991-09-20\/entertainment\/9103110623_1_ifa-east-berliners-buildings\" target=\"_blank\">this article<\/a> in the chicago tribune from 1991 quite inspiring.<\/p>\n","protected":false},"excerpt":{"rendered":"<p>[for english, see below] die internationale funkausstellung in berlin war fr\u00fcher viel gr\u00f6\u00dfer und wichtiger als heute. gro\u00dfe unterhaltungselektronikkonzerne stellten gern prototypen vor, von denen viele wegweisend waren. ich fand heute eine cassette vom 31. august 1991; da war ich als reporter f\u00fcr meine computersendung im BR auf der IFA und schnitt unter anderem die [&hellip;]<\/p>\n","protected":false},"author":2,"featured_media":0,"comment_status":"closed","ping_status":"open","sticky":false,"template":"","format":"standard","meta":{"footnotes":""},"categories":[1],"tags":[],"class_list":["post-382","post","type-post","status-publish","format-standard","hentry","category-allgemein"],"wp-worthy-pixel":{"ignored":false,"public":"5b5e1951c6e34005a7289e34ad205554","server":"vg05.met.vgwort.de","url":"https:\/\/vg05.met.vgwort.de\/na\/5b5e1951c6e34005a7289e34ad205554"},"wp-worthy-type":"normal","_links":{"self":[{"href":"https:\/\/www.maxschoenherr.de\/clock\/wp-json\/wp\/v2\/posts\/382","targetHints":{"allow":["GET"]}}],"collection":[{"href":"https:\/\/www.maxschoenherr.de\/clock\/wp-json\/wp\/v2\/posts"}],"about":[{"href":"https:\/\/www.maxschoenherr.de\/clock\/wp-json\/wp\/v2\/types\/post"}],"author":[{"embeddable":true,"href":"https:\/\/www.maxschoenherr.de\/clock\/wp-json\/wp\/v2\/users\/2"}],"replies":[{"embeddable":true,"href":"https:\/\/www.maxschoenherr.de\/clock\/wp-json\/wp\/v2\/comments?post=382"}],"version-history":[{"count":12,"href":"https:\/\/www.maxschoenherr.de\/clock\/wp-json\/wp\/v2\/posts\/382\/revisions"}],"predecessor-version":[{"id":804,"href":"https:\/\/www.maxschoenherr.de\/clock\/wp-json\/wp\/v2\/posts\/382\/revisions\/804"}],"wp:attachment":[{"href":"https:\/\/www.maxschoenherr.de\/clock\/wp-json\/wp\/v2\/media?parent=382"}],"wp:term":[{"taxonomy":"category","embeddable":true,"href":"https:\/\/www.maxschoenherr.de\/clock\/wp-json\/wp\/v2\/categories?post=382"},{"taxonomy":"post_tag","embeddable":true,"href":"https:\/\/www.maxschoenherr.de\/clock\/wp-json\/wp\/v2\/tags?post=382"}],"curies":[{"name":"wp","href":"https:\/\/api.w.org\/{rel}","templated":true}]}}