{"id":3755,"date":"2015-01-04T19:13:10","date_gmt":"2015-01-04T17:13:10","guid":{"rendered":"http:\/\/www.maxschoenherr.de\/clock\/?p=3755"},"modified":"2015-01-04T19:48:05","modified_gmt":"2015-01-04T17:48:05","slug":"1933-der-br-hetzt-gegen-oesterreich","status":"publish","type":"post","link":"https:\/\/www.maxschoenherr.de\/clock\/1933-der-br-hetzt-gegen-oesterreich\/","title":{"rendered":"1933 | der BR hetzt gegen \u00f6sterreich"},"content":{"rendered":"<table class=\" aligncenter\">\n<tbody>\n<tr>\n<td style=\"text-align: left;\" width=\"307\">\u00a0<a href=\"http:\/\/www.maxschoenherr.de\/clock\/wp-content\/uploads\/2015\/01\/habicht1933radioMunich_TheTimes.jpg\"><img loading=\"lazy\" decoding=\"async\" class=\"aligncenter size-full wp-image-3758\" src=\"http:\/\/www.maxschoenherr.de\/clock\/wp-content\/uploads\/2015\/01\/habicht1933radioMunich_TheTimes.jpg\" alt=\"habicht1933radioMunich_TheTimes\" width=\"248\" height=\"808\" srcset=\"https:\/\/www.maxschoenherr.de\/clock\/wp-content\/uploads\/2015\/01\/habicht1933radioMunich_TheTimes.jpg 248w, https:\/\/www.maxschoenherr.de\/clock\/wp-content\/uploads\/2015\/01\/habicht1933radioMunich_TheTimes-92x300.jpg 92w\" sizes=\"auto, (max-width: 248px) 100vw, 248px\" \/><\/a><\/td>\n<td width=\"307\">der londoner times vom 7. juli 1933 war die hetzrede eines NSDAP-manns im reichssender m\u00fcnchen (vorl\u00e4ufer des bayerischen rundfunks) gleich zwei artikel wert. ich schrieb dazu jetzt in den <a title=\"geschichte des bayerischen rundfunks in der wikipedia\" href=\"https:\/\/de.wikipedia.org\/wiki\/Bayerischer_Rundfunk#1933:_Reichssender_M.C3.BCnchen\" target=\"_blank\">BR-artikel der wikipedia<\/a>:<\/p>\n<p>&nbsp;<\/p>\n<p><span style=\"color: #333399;\">Bereits im Sommer 1933 sendete M\u00fcnchen dreimal w\u00f6chentlich Hetzreden gegen die \u00d6sterreichische Regierung. Sie gipfelten am Abend des 5. Juli mit einer Ansprache des NSDAP-Landesinspektors in Wien, Theodor Habicht. Habicht nannte den \u00d6sterreichischen Bundeskanzler Engelbert Dollfu\u00df einen Verr\u00e4ter, unterstellte ihm separatistische Tendenzen und rief die \u00d6sterreicher dazu auf, in jeden Baum das Hakenkreuz zu schnitzen. Habicht gilt als Drahtzieher des Juliputschs, der zwei Wochen sp\u00e4ter zur Ermordung Dollfu\u00dfs f\u00fchrte. In dem Artikel hei\u00dft es weiter, dass sich die \u00d6sterreichische Regierung vorbehalte Gegenma\u00dfnahmen zu ergreifen. Die \u00d6sterreichische Rundfunkgesellschaft Ravag legte Protest bei der IBU und bei der Reichsregierung in Berlin ein. Zeitungen schlugen vor, den neuen Sender Bisamberg bei Wien dazu zu nutzen, solche Programme zu st\u00f6ren, wie \u201eandere L\u00e4nder das als Waffe gegen drahtlose Propaganda aus Moskau\u201c l\u00e4ngst t\u00e4ten.<\/span><\/td>\n<\/tr>\n<\/tbody>\n<\/table>\n<p><span style=\"color: #333399;\">\u00a0<\/span><\/p>\n<p style=\"text-align: left;\">flankiert wurde die rundfunkpropaganda durch zeitungsanzeigen und transparente wie dieses:<\/p>\n<p style=\"text-align: left;\"><a href=\"http:\/\/www.maxschoenherr.de\/clock\/wp-content\/uploads\/2015\/01\/NaziPropaganda1933gegen\u00d6sterreich.jpg\"><img loading=\"lazy\" decoding=\"async\" class=\"aligncenter size-full wp-image-3764\" src=\"http:\/\/www.maxschoenherr.de\/clock\/wp-content\/uploads\/2015\/01\/NaziPropaganda1933gegen\u00d6sterreich.jpg\" alt=\"NaziPropaganda1933gegen\u00d6sterreich\" width=\"510\" height=\"341\" srcset=\"https:\/\/www.maxschoenherr.de\/clock\/wp-content\/uploads\/2015\/01\/NaziPropaganda1933gegen\u00d6sterreich.jpg 510w, https:\/\/www.maxschoenherr.de\/clock\/wp-content\/uploads\/2015\/01\/NaziPropaganda1933gegen\u00d6sterreich-300x201.jpg 300w\" sizes=\"auto, (max-width: 510px) 100vw, 510px\" \/><\/a><\/p>\n","protected":false},"excerpt":{"rendered":"<p>\u00a0 der londoner times vom 7. juli 1933 war die hetzrede eines NSDAP-manns im reichssender m\u00fcnchen (vorl\u00e4ufer des bayerischen rundfunks) gleich zwei artikel wert. ich schrieb dazu jetzt in den BR-artikel der wikipedia: &nbsp; Bereits im Sommer 1933 sendete M\u00fcnchen dreimal w\u00f6chentlich Hetzreden gegen die \u00d6sterreichische Regierung. Sie gipfelten am Abend des 5. Juli mit [&hellip;]<\/p>\n","protected":false},"author":2,"featured_media":0,"comment_status":"closed","ping_status":"closed","sticky":false,"template":"","format":"standard","meta":{"footnotes":""},"categories":[1,248,631],"tags":[1389,1388,482,477,731,270],"class_list":["post-3755","post","type-post","status-publish","format-standard","hentry","category-allgemein","category-historisches","category-wikipedia-2","tag-gleichschaltung","tag-juliputsch","tag-machtergreifung","tag-nazis","tag-oesterreich","tag-propaganda"],"wp-worthy-pixel":{"ignored":false,"public":null,"server":null,"url":null},"wp-worthy-type":"normal","_links":{"self":[{"href":"https:\/\/www.maxschoenherr.de\/clock\/wp-json\/wp\/v2\/posts\/3755","targetHints":{"allow":["GET"]}}],"collection":[{"href":"https:\/\/www.maxschoenherr.de\/clock\/wp-json\/wp\/v2\/posts"}],"about":[{"href":"https:\/\/www.maxschoenherr.de\/clock\/wp-json\/wp\/v2\/types\/post"}],"author":[{"embeddable":true,"href":"https:\/\/www.maxschoenherr.de\/clock\/wp-json\/wp\/v2\/users\/2"}],"replies":[{"embeddable":true,"href":"https:\/\/www.maxschoenherr.de\/clock\/wp-json\/wp\/v2\/comments?post=3755"}],"version-history":[{"count":10,"href":"https:\/\/www.maxschoenherr.de\/clock\/wp-json\/wp\/v2\/posts\/3755\/revisions"}],"predecessor-version":[{"id":3767,"href":"https:\/\/www.maxschoenherr.de\/clock\/wp-json\/wp\/v2\/posts\/3755\/revisions\/3767"}],"wp:attachment":[{"href":"https:\/\/www.maxschoenherr.de\/clock\/wp-json\/wp\/v2\/media?parent=3755"}],"wp:term":[{"taxonomy":"category","embeddable":true,"href":"https:\/\/www.maxschoenherr.de\/clock\/wp-json\/wp\/v2\/categories?post=3755"},{"taxonomy":"post_tag","embeddable":true,"href":"https:\/\/www.maxschoenherr.de\/clock\/wp-json\/wp\/v2\/tags?post=3755"}],"curies":[{"name":"wp","href":"https:\/\/api.w.org\/{rel}","templated":true}]}}