{"id":3609,"date":"2014-12-21T13:36:17","date_gmt":"2014-12-21T11:36:17","guid":{"rendered":"http:\/\/www.maxschoenherr.de\/clock\/?p=3609"},"modified":"2014-12-21T14:09:01","modified_gmt":"2014-12-21T12:09:01","slug":"die-us-medien-und-die-cia-folter","status":"publish","type":"post","link":"https:\/\/www.maxschoenherr.de\/clock\/die-us-medien-und-die-cia-folter\/","title":{"rendered":"die US-medien | und die CIA-folter"},"content":{"rendered":"<p style=\"text-align: center;\"><a href=\"http:\/\/www.maxschoenherr.de\/clock\/wp-content\/uploads\/2014\/12\/CIA-saved-lives.jpg\"><img loading=\"lazy\" decoding=\"async\" class=\"aligncenter size-full wp-image-3548\" src=\"http:\/\/www.maxschoenherr.de\/clock\/wp-content\/uploads\/2014\/12\/CIA-saved-lives.jpg\" alt=\"CIA-saved-lives\" width=\"200\" height=\"47\" \/><\/a><em>mit dieser webseite meldet sich die neokonservative seite zur\u00fcck<\/em><\/p>\n<p>oder: wie sich der meinungszirkus innerhalb einer woche v\u00f6llig gedreht hat. gestern im deutschlandfunk\/<a title=\"deutschlandfunk, markt und medien\" href=\"http:\/\/www.deutschlandfunk.de\/markt-und-medien.760.de.html\" target=\"_blank\">markt und medien<\/a>; hier die l\u00e4ngere version:<\/p>\n<p style=\"text-align: center;\"><audio controls=\"controls\"><source src=\"http:\/\/maxschoenherr.de\/radio\/2014\/US-Medien und der CIA-Folterreport.mp3\" \/><!--fallback--><br \/>\nWenn Sie das nicht abspielen k\u00f6nnen, fehlt Ihrem Browser HTML5.<\/audio><br \/>\n<em>die US medien und die CIA folter, eine woche nach ver\u00f6ffentlichung des feinstein-reports<br \/>\n<\/em><\/p>\n<p style=\"text-align: left;\">\u2192 hier auch in der <a title=\"US medien und der CIA folter-report, ARD mediathek\" href=\"http:\/\/www.ardmediathek.de\/radio\/Markt-und-Medien-Deutschlandfunk\/Die-US-Medien-und-der-Folterreport\/Deutschlandfunk\/Audio-Podcast?documentId=25475494&amp;bcastId=21601614\" target=\"_blank\">ARD mediathek<\/a>. hintergr\u00fcnde und fr\u00fchere recherchen finden sich reichhaltig weiter unten, hier in diesem blog.<\/p>\n<p style=\"text-align: center;\"><a href=\"http:\/\/www.maxschoenherr.de\/clock\/wp-content\/uploads\/2014\/12\/1902waterboarding.jpg\"><img loading=\"lazy\" decoding=\"async\" class=\"aligncenter size-medium wp-image-3614\" src=\"http:\/\/www.maxschoenherr.de\/clock\/wp-content\/uploads\/2014\/12\/1902waterboarding-300x173.jpg\" alt=\"1902waterboarding\" width=\"300\" height=\"173\" srcset=\"https:\/\/www.maxschoenherr.de\/clock\/wp-content\/uploads\/2014\/12\/1902waterboarding-300x173.jpg 300w, https:\/\/www.maxschoenherr.de\/clock\/wp-content\/uploads\/2014\/12\/1902waterboarding.jpg 618w\" sizes=\"auto, (max-width: 300px) 100vw, 300px\" \/><\/a><em>schon 1902 setzten us-scouts die wasserfolter ein. foto: <a title=\"water cure - 1902\" href=\"https:\/\/commons.wikimedia.org\/wiki\/File%3A1902waterboarding.jpg\" target=\"_blank\">wiki commons<\/a><\/em><\/p>\n","protected":false},"excerpt":{"rendered":"<p>mit dieser webseite meldet sich die neokonservative seite zur\u00fcck oder: wie sich der meinungszirkus innerhalb einer woche v\u00f6llig gedreht hat. gestern im deutschlandfunk\/markt und medien; hier die l\u00e4ngere version: Wenn Sie das nicht abspielen k\u00f6nnen, fehlt Ihrem Browser HTML5. die US medien und die CIA folter, eine woche nach ver\u00f6ffentlichung des feinstein-reports \u2192 hier auch [&hellip;]<\/p>\n","protected":false},"author":2,"featured_media":0,"comment_status":"closed","ping_status":"closed","sticky":false,"template":"","format":"standard","meta":{"footnotes":""},"categories":[1],"tags":[246,1343,1344,1345,1342],"class_list":["post-3609","post","type-post","status-publish","format-standard","hentry","category-allgemein","tag-cheney","tag-cia-folter","tag-hayden","tag-james-mitchell","tag-us-medien"],"wp-worthy-pixel":{"ignored":false,"public":null,"server":null,"url":null},"wp-worthy-type":"normal","_links":{"self":[{"href":"https:\/\/www.maxschoenherr.de\/clock\/wp-json\/wp\/v2\/posts\/3609","targetHints":{"allow":["GET"]}}],"collection":[{"href":"https:\/\/www.maxschoenherr.de\/clock\/wp-json\/wp\/v2\/posts"}],"about":[{"href":"https:\/\/www.maxschoenherr.de\/clock\/wp-json\/wp\/v2\/types\/post"}],"author":[{"embeddable":true,"href":"https:\/\/www.maxschoenherr.de\/clock\/wp-json\/wp\/v2\/users\/2"}],"replies":[{"embeddable":true,"href":"https:\/\/www.maxschoenherr.de\/clock\/wp-json\/wp\/v2\/comments?post=3609"}],"version-history":[{"count":6,"href":"https:\/\/www.maxschoenherr.de\/clock\/wp-json\/wp\/v2\/posts\/3609\/revisions"}],"predecessor-version":[{"id":3616,"href":"https:\/\/www.maxschoenherr.de\/clock\/wp-json\/wp\/v2\/posts\/3609\/revisions\/3616"}],"wp:attachment":[{"href":"https:\/\/www.maxschoenherr.de\/clock\/wp-json\/wp\/v2\/media?parent=3609"}],"wp:term":[{"taxonomy":"category","embeddable":true,"href":"https:\/\/www.maxschoenherr.de\/clock\/wp-json\/wp\/v2\/categories?post=3609"},{"taxonomy":"post_tag","embeddable":true,"href":"https:\/\/www.maxschoenherr.de\/clock\/wp-json\/wp\/v2\/tags?post=3609"}],"curies":[{"name":"wp","href":"https:\/\/api.w.org\/{rel}","templated":true}]}}