{"id":341,"date":"2013-08-31T14:15:20","date_gmt":"2013-08-31T12:15:20","guid":{"rendered":"http:\/\/www.maxschoenherr.de\/clock\/?p=341"},"modified":"2013-08-31T14:27:56","modified_gmt":"2013-08-31T12:27:56","slug":"craig-cobb-wikipedia","status":"publish","type":"post","link":"https:\/\/www.maxschoenherr.de\/clock\/craig-cobb-wikipedia\/","title":{"rendered":"craig cobb | wikipedia"},"content":{"rendered":"<p>ihm &#8222;geh\u00f6rt&#8220; eigentlich kein wikipediaeintrag, denn cobb geh\u00f6rt zu den vielen, sich aufspielenden notorischen hasspredigern und rassisten der USA. als ich heute las, dass er vor wenigen jahren in estland seine antisemitischen gedanken einer &#8222;arisch \u00fcberlegenen rasse&#8220; verbreitete und des landes verwiesen wurde, dann in kanada wegen versto\u00dfes gegen die menschenrechtsklausel verhaftet wurde und in die USA floh, um, new york times gestern, dort ein kleines dorf umzukrempeln, dachte ich mir: transparenz schaffen, aufkl\u00e4ren. also, neu in der deutschen wikipedia:<\/p>\n<p style=\"text-align: center;\"><a title=\"cobb in der wikipedia\" href=\"https:\/\/de.wikipedia.org\/wiki\/Craig_Cobb\" target=\"_blank\">https:\/\/de.wikipedia.org\/wiki\/Craig_Cobb<\/a><\/p>\n<p style=\"text-align: left;\">anders als der schwesterartikel in der englischen wikipedia h\u00e4lt sich der deutsche mit weblinks zu cobbs gedankengut, zu seinem blog etc. komplett zur\u00fcck. gestern nahm ich aus dem englischen artikel den link zu seinem youtube-kanal heraus; der war eine reine werbung f\u00fcr cobb. typisch f\u00fcr ihn: er gibt eine rede von obama wieder und untertitelt sie mit &#8222;nigger obama&#8220;. er bearbeitet die szene einer gerichtsverhandlung, bei der eine schwarze frau im zeugenstand befragt wird, so, dass immer, wenn sie zu sprechen anhebt, er sie niederschreit (nicht im gerichtssaal, in der nachbearbeitung des videos).<\/p>\n","protected":false},"excerpt":{"rendered":"<p>ihm &#8222;geh\u00f6rt&#8220; eigentlich kein wikipediaeintrag, denn cobb geh\u00f6rt zu den vielen, sich aufspielenden notorischen hasspredigern und rassisten der USA. als ich heute las, dass er vor wenigen jahren in estland seine antisemitischen gedanken einer &#8222;arisch \u00fcberlegenen rasse&#8220; verbreitete und des landes verwiesen wurde, dann in kanada wegen versto\u00dfes gegen die menschenrechtsklausel verhaftet wurde und in [&hellip;]<\/p>\n","protected":false},"author":2,"featured_media":0,"comment_status":"closed","ping_status":"open","sticky":false,"template":"","format":"standard","meta":{"footnotes":""},"categories":[1],"tags":[43,44,45],"class_list":["post-341","post","type-post","status-publish","format-standard","hentry","category-allgemein","tag-faschistisch","tag-neonazi","tag-rassenhass"],"wp-worthy-pixel":{"ignored":false,"public":null,"server":null,"url":null},"wp-worthy-type":"normal","_links":{"self":[{"href":"https:\/\/www.maxschoenherr.de\/clock\/wp-json\/wp\/v2\/posts\/341","targetHints":{"allow":["GET"]}}],"collection":[{"href":"https:\/\/www.maxschoenherr.de\/clock\/wp-json\/wp\/v2\/posts"}],"about":[{"href":"https:\/\/www.maxschoenherr.de\/clock\/wp-json\/wp\/v2\/types\/post"}],"author":[{"embeddable":true,"href":"https:\/\/www.maxschoenherr.de\/clock\/wp-json\/wp\/v2\/users\/2"}],"replies":[{"embeddable":true,"href":"https:\/\/www.maxschoenherr.de\/clock\/wp-json\/wp\/v2\/comments?post=341"}],"version-history":[{"count":4,"href":"https:\/\/www.maxschoenherr.de\/clock\/wp-json\/wp\/v2\/posts\/341\/revisions"}],"predecessor-version":[{"id":345,"href":"https:\/\/www.maxschoenherr.de\/clock\/wp-json\/wp\/v2\/posts\/341\/revisions\/345"}],"wp:attachment":[{"href":"https:\/\/www.maxschoenherr.de\/clock\/wp-json\/wp\/v2\/media?parent=341"}],"wp:term":[{"taxonomy":"category","embeddable":true,"href":"https:\/\/www.maxschoenherr.de\/clock\/wp-json\/wp\/v2\/categories?post=341"},{"taxonomy":"post_tag","embeddable":true,"href":"https:\/\/www.maxschoenherr.de\/clock\/wp-json\/wp\/v2\/tags?post=341"}],"curies":[{"name":"wp","href":"https:\/\/api.w.org\/{rel}","templated":true}]}}