{"id":3385,"date":"2014-11-22T22:53:13","date_gmt":"2014-11-22T20:53:13","guid":{"rendered":"http:\/\/www.maxschoenherr.de\/clock\/?p=3385"},"modified":"2014-11-23T14:07:38","modified_gmt":"2014-11-23T12:07:38","slug":"luise-straus-ernst-feature","status":"publish","type":"post","link":"https:\/\/www.maxschoenherr.de\/clock\/luise-straus-ernst-feature\/","title":{"rendered":"luise straus-ernst | feature"},"content":{"rendered":"<p style=\"text-align: center;\"><a href=\"http:\/\/www.maxschoenherr.de\/clock\/wp-content\/uploads\/2014\/11\/newYorkTimes-AmyErnstMarriage.gif\"><img loading=\"lazy\" decoding=\"async\" class=\"aligncenter size-full wp-image-3386\" src=\"http:\/\/www.maxschoenherr.de\/clock\/wp-content\/uploads\/2014\/11\/newYorkTimes-AmyErnstMarriage.gif\" alt=\"newYorkTimes-AmyErnstMarriage\" width=\"428\" height=\"581\" \/><\/a><em>NYT vom 11.6.1979: luise straus-ernsts und max ernsts enkelin heiratet.<\/em><\/p>\n<p>heute in WDR 3 das \u2192 <a title=\"wdr 3 feature - verpasster fr\u00fchling\" href=\"http:\/\/www.wdr3.de\/hoerspielundfeature\/verpassterfruehling104.html\" target=\"_blank\">feature &#8222;verpasster fr\u00fchling&#8220;<\/a> von<a title=\"eva weissweiler in der wikipedia\" href=\"https:\/\/de.wikipedia.org\/wiki\/Eva_Weissweiler\" target=\"_blank\"> eva weissweiler<\/a> \u00fcber die k\u00f6lner journalistin und kunsthistorikerin <a title=\"straus-ernst in der wikipedia\" href=\"https:\/\/de.wikipedia.org\/wiki\/Luise_Straus-Ernst\" target=\"_blank\">luise straus-ernst<\/a>. kurzes nachgucken im archiv der new york times f\u00f6rderte den \u2192 <a title=\"new york times - amy ernst\" href=\"http:\/\/nyti.ms\/1xE0tt4\" target=\"_blank\">kleinen artikel oben<\/a> hervor: da war luise schon 35 jahre tot (auschwitz), als ihre enkelin, amy louise ernst in rye (new york) heiratet. ihr vater jimmy (auch verstorben) war der einzige sohn von max und luise. der frisch angetraute ist opern-tenor. die kunst bleibt also in der familie.<\/p>\n<p style=\"text-align: justify;\">ich schrieb amy, der enkelin, eine kurze mail, mit hinweis auf die sendung, und sie schrieb hoch erfreut zur\u00fcck. und h\u00e4ngte dieses foto aus der italienischen vogue von 1994 bei. ich denke mal, mit ihrem einverst\u00e4ndnis kann ich es hier zeigen:<\/p>\n<p style=\"text-align: center;\"><a href=\"http:\/\/www.maxschoenherr.de\/clock\/wp-content\/uploads\/2014\/11\/amy-ernst-Italan-Vogue-1994.jpg\"><img loading=\"lazy\" decoding=\"async\" class=\"aligncenter size-full wp-image-3395\" src=\"http:\/\/www.maxschoenherr.de\/clock\/wp-content\/uploads\/2014\/11\/amy-ernst-Italan-Vogue-1994.jpg\" alt=\"amy-ernst -Italan Vogue 1994\" width=\"600\" height=\"766\" srcset=\"https:\/\/www.maxschoenherr.de\/clock\/wp-content\/uploads\/2014\/11\/amy-ernst-Italan-Vogue-1994.jpg 600w, https:\/\/www.maxschoenherr.de\/clock\/wp-content\/uploads\/2014\/11\/amy-ernst-Italan-Vogue-1994-234x300.jpg 234w\" sizes=\"auto, (max-width: 600px) 100vw, 600px\" \/><\/a><em><a title=\"webseite von amy louise ernst, biografie\" href=\"http:\/\/www.reverserenaissancestudio.com\/bio.html\" target=\"_blank\">amy louise ernst<\/a> \u2013 portrait in der italienischen vogue von 1994. scan der k\u00fcnstlerin, via mail an mich.<br \/>\n<\/em><\/p>\n","protected":false},"excerpt":{"rendered":"<p>NYT vom 11.6.1979: luise straus-ernsts und max ernsts enkelin heiratet. heute in WDR 3 das \u2192 feature &#8222;verpasster fr\u00fchling&#8220; von eva weissweiler \u00fcber die k\u00f6lner journalistin und kunsthistorikerin luise straus-ernst. kurzes nachgucken im archiv der new york times f\u00f6rderte den \u2192 kleinen artikel oben hervor: da war luise schon 35 jahre tot (auschwitz), als ihre [&hellip;]<\/p>\n","protected":false},"author":2,"featured_media":0,"comment_status":"closed","ping_status":"closed","sticky":false,"template":"","format":"standard","meta":{"footnotes":""},"categories":[1,534,248],"tags":[1250,559,1247,1246,1248],"class_list":["post-3385","post","type-post","status-publish","format-standard","hentry","category-allgemein","category-foto","category-historisches","tag-amy-louise-ernst","tag-feature","tag-luise-straus-ernst","tag-max-ernst","tag-wdr3"],"wp-worthy-pixel":{"ignored":false,"public":null,"server":null,"url":null},"wp-worthy-type":"normal","_links":{"self":[{"href":"https:\/\/www.maxschoenherr.de\/clock\/wp-json\/wp\/v2\/posts\/3385","targetHints":{"allow":["GET"]}}],"collection":[{"href":"https:\/\/www.maxschoenherr.de\/clock\/wp-json\/wp\/v2\/posts"}],"about":[{"href":"https:\/\/www.maxschoenherr.de\/clock\/wp-json\/wp\/v2\/types\/post"}],"author":[{"embeddable":true,"href":"https:\/\/www.maxschoenherr.de\/clock\/wp-json\/wp\/v2\/users\/2"}],"replies":[{"embeddable":true,"href":"https:\/\/www.maxschoenherr.de\/clock\/wp-json\/wp\/v2\/comments?post=3385"}],"version-history":[{"count":4,"href":"https:\/\/www.maxschoenherr.de\/clock\/wp-json\/wp\/v2\/posts\/3385\/revisions"}],"predecessor-version":[{"id":3397,"href":"https:\/\/www.maxschoenherr.de\/clock\/wp-json\/wp\/v2\/posts\/3385\/revisions\/3397"}],"wp:attachment":[{"href":"https:\/\/www.maxschoenherr.de\/clock\/wp-json\/wp\/v2\/media?parent=3385"}],"wp:term":[{"taxonomy":"category","embeddable":true,"href":"https:\/\/www.maxschoenherr.de\/clock\/wp-json\/wp\/v2\/categories?post=3385"},{"taxonomy":"post_tag","embeddable":true,"href":"https:\/\/www.maxschoenherr.de\/clock\/wp-json\/wp\/v2\/tags?post=3385"}],"curies":[{"name":"wp","href":"https:\/\/api.w.org\/{rel}","templated":true}]}}