{"id":3183,"date":"2014-10-25T13:58:02","date_gmt":"2014-10-25T11:58:02","guid":{"rendered":"http:\/\/www.maxschoenherr.de\/clock\/?p=3183"},"modified":"2014-10-25T20:10:36","modified_gmt":"2014-10-25T18:10:36","slug":"missverstandene-bitte-so-geht-wikipedia-nicht","status":"publish","type":"post","link":"https:\/\/www.maxschoenherr.de\/clock\/missverstandene-bitte-so-geht-wikipedia-nicht\/","title":{"rendered":"sorry | so geht wikipedia nicht"},"content":{"rendered":"<p style=\"text-align: center;\"><a href=\"http:\/\/www.maxschoenherr.de\/clock\/wp-content\/uploads\/2014\/10\/Hand_29.gif\"><img loading=\"lazy\" decoding=\"async\" class=\"aligncenter wp-image-3191 size-medium\" src=\"http:\/\/www.maxschoenherr.de\/clock\/wp-content\/uploads\/2014\/10\/Hand_29-300x191.gif\" alt=\"Hand_29\" width=\"300\" height=\"191\" \/><\/a><em>sharing als generationenkonflikt? grafik: <a title=\"hand-grafik, wiki commons\" href=\"https:\/\/commons.wikimedia.org\/wiki\/File:Hand_29.svg\" target=\"_blank\">nevit, wiki commons<\/a> 2007<\/em><\/p>\n<p style=\"text-align: justify;\">nach dem schreiben des wikipedia-artikels \u00fcber die deutsch\/britische kunstgaleristin \u2192 <a title=\"erica brausen in der wikipedia\" href=\"https:\/\/de.wikipedia.org\/wiki\/Erica_Brausen\" target=\"_blank\">Erica Brausen<\/a> ging ich auf die suche nach einem foto von frau brausen und stie\u00df unter anderem auf die webseite einer kuratorin in london. ich schrieb sie an, begann meine mail damit, von kunst verstehe ich wenig, aber von geschichte einiges, und fragte, ob sie den besitzer der fotos von erica brausen auf ihrer webseite mal fragen k\u00f6nnte, ob er eins in die wiki commons, also den medienpool der wikipedia einpflegen k\u00f6nne; die artikel \u00fcber erica brausen in der englischen, franz\u00f6sischen und jetzt auch deutschen wikipedia h\u00e4tten dann ein bild \u2013 was bei einem biografischen artikel stets w\u00fcnschenswert ist.<\/p>\n<p style=\"text-align: justify;\">die antwort der kunstexpertin war unerwartet harsch. sie schrieb zun\u00e4chst, dass sie mails, die mit einem satz &#8222;von kunst verstehe ich wenig&#8220; beginnen, l\u00f6scht. ich k\u00f6nne als von gl\u00fcck reden, dass sie&#8217;s nicht tat. dann schrieb sie, der besitzer der fotos sei erz\u00fcrnt \u00fcber die falschen fakten in den drei wikipedia-artikeln. sie, die kuratorin, teile diese kritik, und solange sich daran nichts \u00e4ndere, sei an ein foto f\u00fcr die wikipedia gar nicht zu denken.<\/p>\n<p style=\"text-align: justify;\">ich musste schlucken und mich sortieren und schrieb ihr sachlich zweierlei zur\u00fcck:<\/p>\n<ul>\n<li style=\"text-align: justify;\">wenn an den artikeln fakten falsch sind, soll sie sie bitte \u00e4ndern, die wikipedia sei ein kollaboratives projekt, und zeigte ihr den weg, wie das geht. [darauf antwortete sie, daf\u00fcr h\u00e4tte sie keine zeit.]<\/li>\n<li style=\"text-align: justify;\">zweitens sagte ich ihr, wenn ich frage, ob jemand ein foto in die wikipedia einspeisen m\u00f6chte, ist das kein privates bittstellertum, sondern ich will damit die \u00fcberlegung ansto\u00dfen, etwas zu <em>teilen<\/em>, n\u00e4mlich ein foto, das in privatbesitz ist, allen (und nat\u00fcrlich kostenlos) zug\u00e4nglich zu machen.<\/li>\n<\/ul>\n<p style=\"text-align: justify;\">dieses denken des sharings ist dieser generation anscheinend so fremd, dass sie denkt, wenn einer etwas anfragt, will er es geschenkt f\u00fcr sich einsacken. sorry, gill, so geht wikipedia nicht.<\/p>\n","protected":false},"excerpt":{"rendered":"<p>sharing als generationenkonflikt? grafik: nevit, wiki commons 2007 nach dem schreiben des wikipedia-artikels \u00fcber die deutsch\/britische kunstgaleristin \u2192 Erica Brausen ging ich auf die suche nach einem foto von frau brausen und stie\u00df unter anderem auf die webseite einer kuratorin in london. ich schrieb sie an, begann meine mail damit, von kunst verstehe ich wenig, [&hellip;]<\/p>\n","protected":false},"author":2,"featured_media":0,"comment_status":"closed","ping_status":"closed","sticky":false,"template":"","format":"standard","meta":{"footnotes":""},"categories":[1,248,631],"tags":[535,1160,1161,1159],"class_list":["post-3183","post","type-post","status-publish","format-standard","hentry","category-allgemein","category-historisches","category-wikipedia-2","tag-foto-2","tag-rechte","tag-urheberrecht","tag-wiki-commons"],"wp-worthy-pixel":{"ignored":false,"public":"211c85dfdb7d400f897ac952cd6efed8","server":"vg01.met.vgwort.de","url":"https:\/\/vg01.met.vgwort.de\/na\/211c85dfdb7d400f897ac952cd6efed8"},"wp-worthy-type":"normal","_links":{"self":[{"href":"https:\/\/www.maxschoenherr.de\/clock\/wp-json\/wp\/v2\/posts\/3183","targetHints":{"allow":["GET"]}}],"collection":[{"href":"https:\/\/www.maxschoenherr.de\/clock\/wp-json\/wp\/v2\/posts"}],"about":[{"href":"https:\/\/www.maxschoenherr.de\/clock\/wp-json\/wp\/v2\/types\/post"}],"author":[{"embeddable":true,"href":"https:\/\/www.maxschoenherr.de\/clock\/wp-json\/wp\/v2\/users\/2"}],"replies":[{"embeddable":true,"href":"https:\/\/www.maxschoenherr.de\/clock\/wp-json\/wp\/v2\/comments?post=3183"}],"version-history":[{"count":10,"href":"https:\/\/www.maxschoenherr.de\/clock\/wp-json\/wp\/v2\/posts\/3183\/revisions"}],"predecessor-version":[{"id":3201,"href":"https:\/\/www.maxschoenherr.de\/clock\/wp-json\/wp\/v2\/posts\/3183\/revisions\/3201"}],"wp:attachment":[{"href":"https:\/\/www.maxschoenherr.de\/clock\/wp-json\/wp\/v2\/media?parent=3183"}],"wp:term":[{"taxonomy":"category","embeddable":true,"href":"https:\/\/www.maxschoenherr.de\/clock\/wp-json\/wp\/v2\/categories?post=3183"},{"taxonomy":"post_tag","embeddable":true,"href":"https:\/\/www.maxschoenherr.de\/clock\/wp-json\/wp\/v2\/tags?post=3183"}],"curies":[{"name":"wp","href":"https:\/\/api.w.org\/{rel}","templated":true}]}}