{"id":2885,"date":"2014-09-03T00:19:01","date_gmt":"2014-09-02T22:19:01","guid":{"rendered":"http:\/\/www.maxschoenherr.de\/clock\/?p=2885"},"modified":"2014-09-03T00:23:01","modified_gmt":"2014-09-02T22:23:01","slug":"schweigespirale-elisabeth-noelle-neumann","status":"publish","type":"post","link":"https:\/\/www.maxschoenherr.de\/clock\/schweigespirale-elisabeth-noelle-neumann\/","title":{"rendered":"schweigespirale | elisabeth noelle-neumann"},"content":{"rendered":"<p style=\"text-align: center;\"><a href=\"http:\/\/www.maxschoenherr.de\/clock\/wp-content\/uploads\/2014\/09\/schweigespirale.jpg\"><img loading=\"lazy\" decoding=\"async\" class=\"aligncenter size-full wp-image-2886\" src=\"http:\/\/www.maxschoenherr.de\/clock\/wp-content\/uploads\/2014\/09\/schweigespirale.jpg\" alt=\"schweigespirale\" width=\"450\" height=\"450\" srcset=\"https:\/\/www.maxschoenherr.de\/clock\/wp-content\/uploads\/2014\/09\/schweigespirale.jpg 450w, https:\/\/www.maxschoenherr.de\/clock\/wp-content\/uploads\/2014\/09\/schweigespirale-300x300.jpg 300w\" sizes=\"auto, (max-width: 450px) 100vw, 450px\" \/><\/a><em>schweigespirale und schere im kopf. grafik: m.s.<\/em><\/p>\n<p style=\"text-align: justify;\"><a title=\"elisabeth noelle-neumann in der wikipedia\" href=\"https:\/\/de.wikipedia.org\/wiki\/Elisabeth_Noelle-Neumann\" target=\"_blank\">elisabeth noelle-neumann<\/a> war die gro\u00dfe frau der umfragen \u2013 und eine theoretikerin. auf sie geht der begriff der \u2192 <a title=\"meinungsspirale in der wikipedia\" href=\"https:\/\/de.wikipedia.org\/wiki\/Meinungsspirale\" target=\"_blank\">schweigespirale<\/a> zur\u00fcck. in die schweigespirale gerieten die w\u00e4hler des bundestags 1972 angeblich dadurch, dass die medienberichterstattung einen sieg der SPD propagierte. dadurch passierte folgendes: die w\u00e4hler antworteten auf die frage, was sie w\u00e4hlen werden: etwa 50\/50 SPD\/CDU.CSU. auf die frage, wer die wahl gewinnen w\u00fcrde, verschwiegen viele ihre parteipr\u00e4ferenz und sagten immer h\u00e4ufiger, je n\u00e4her der wahltag r\u00fcckte, die SPD siegt. mit anderen worten: wer im biergarten antizipiert, dass seine meinung nicht willkommen ist, wird schweigen. [noelle-neumanns theorie ist umstritten, weil die statistik nicht ganz sauber war; aber die theorie gibt einem gef\u00fchl recht und hat sie deshalb lange \u00fcberlebt.]<\/p>\n<p>ich kam auf das thema durch eine \u2192 <a title=\"spiral of silence - pew research\" href=\"http:\/\/www.pewinternet.org\/2014\/08\/26\/social-media-and-the-spiral-of-silence\/\" target=\"_blank\">aktuelle statistik<\/a> der amerikanischen demoskopie-firma <em>pew research<\/em>, die die offenheit untersuchte, mit der menschen ihre politischen ansicht zum edward snowden themenkomplex \u00e4u\u00dferten. die spezielle frage war die, ob sie es in sozialen netzen (facebook, twitter) wie im normalen zwischenmenschlichen bereich (zu hause, im caf\u00e9) tun? sie tun es nicht. 86 % der \u00fcber 1000 befragten sagten aus, im freundeskreis w\u00fcrden sie \u00fcber das \u00fcberwachungsprogramm und snowden sprechen, aber nur 42 % t\u00e4ten es auch in sozialen netzen. das hat nur am rande mit der meinungsspirale zu tun und ist eher eine schere. jedenfalls, so schreibt pew research, h\u00e4tten sich manche fans und betreiber sozialer netze erhofft, dass sich die menschen da sicherer f\u00fchlen als sie es tun. und nat\u00fcrlich h\u00e4ngt diese verschlossenheit wiederum mit dem thema der frage zusammen, eben der potenziellen \u00fcberwachung, wie edward snowden sie aufgedeckt hat.<\/p>\n","protected":false},"excerpt":{"rendered":"<p>schweigespirale und schere im kopf. grafik: m.s. elisabeth noelle-neumann war die gro\u00dfe frau der umfragen \u2013 und eine theoretikerin. auf sie geht der begriff der \u2192 schweigespirale zur\u00fcck. in die schweigespirale gerieten die w\u00e4hler des bundestags 1972 angeblich dadurch, dass die medienberichterstattung einen sieg der SPD propagierte. dadurch passierte folgendes: die w\u00e4hler antworteten auf die [&hellip;]<\/p>\n","protected":false},"author":2,"featured_media":0,"comment_status":"closed","ping_status":"open","sticky":false,"template":"","format":"standard","meta":{"footnotes":""},"categories":[1,922],"tags":[1026,1025,305,1006],"class_list":["post-2885","post","type-post","status-publish","format-standard","hentry","category-allgemein","category-computer-und-it","tag-allensbach","tag-demoskopie","tag-statistik","tag-umfrage"],"wp-worthy-pixel":{"ignored":false,"public":"b93d7d7d6a19400399bbe1ee0a795d16","server":"vg01.met.vgwort.de","url":"https:\/\/vg01.met.vgwort.de\/na\/b93d7d7d6a19400399bbe1ee0a795d16"},"wp-worthy-type":"normal","_links":{"self":[{"href":"https:\/\/www.maxschoenherr.de\/clock\/wp-json\/wp\/v2\/posts\/2885","targetHints":{"allow":["GET"]}}],"collection":[{"href":"https:\/\/www.maxschoenherr.de\/clock\/wp-json\/wp\/v2\/posts"}],"about":[{"href":"https:\/\/www.maxschoenherr.de\/clock\/wp-json\/wp\/v2\/types\/post"}],"author":[{"embeddable":true,"href":"https:\/\/www.maxschoenherr.de\/clock\/wp-json\/wp\/v2\/users\/2"}],"replies":[{"embeddable":true,"href":"https:\/\/www.maxschoenherr.de\/clock\/wp-json\/wp\/v2\/comments?post=2885"}],"version-history":[{"count":5,"href":"https:\/\/www.maxschoenherr.de\/clock\/wp-json\/wp\/v2\/posts\/2885\/revisions"}],"predecessor-version":[{"id":2891,"href":"https:\/\/www.maxschoenherr.de\/clock\/wp-json\/wp\/v2\/posts\/2885\/revisions\/2891"}],"wp:attachment":[{"href":"https:\/\/www.maxschoenherr.de\/clock\/wp-json\/wp\/v2\/media?parent=2885"}],"wp:term":[{"taxonomy":"category","embeddable":true,"href":"https:\/\/www.maxschoenherr.de\/clock\/wp-json\/wp\/v2\/categories?post=2885"},{"taxonomy":"post_tag","embeddable":true,"href":"https:\/\/www.maxschoenherr.de\/clock\/wp-json\/wp\/v2\/tags?post=2885"}],"curies":[{"name":"wp","href":"https:\/\/api.w.org\/{rel}","templated":true}]}}