{"id":287,"date":"2013-08-28T00:11:08","date_gmt":"2013-08-27T22:11:08","guid":{"rendered":"http:\/\/www.maxschoenherr.de\/clock\/?p=287"},"modified":"2013-08-28T00:39:06","modified_gmt":"2013-08-27T22:39:06","slug":"arnis-kleinste-stadt-deutschlands","status":"publish","type":"post","link":"https:\/\/www.maxschoenherr.de\/clock\/arnis-kleinste-stadt-deutschlands\/","title":{"rendered":"arnis &#8211; kleinste stadt deutschlands"},"content":{"rendered":"<p style=\"text-align: left;\"><a href=\"http:\/\/www.maxschoenherr.de\/clock\/wp-content\/uploads\/2013\/08\/arnis-ortsende-foto-von-maximilian-sch\u00f6nherr.jpg\"><img loading=\"lazy\" decoding=\"async\" class=\"aligncenter size-full wp-image-289\" alt=\"arnis - ortsende - foto von maximilian sch\u00f6nherr\" src=\"http:\/\/www.maxschoenherr.de\/clock\/wp-content\/uploads\/2013\/08\/arnis-ortsende-foto-von-maximilian-sch\u00f6nherr.jpg\" width=\"784\" height=\"441\" srcset=\"https:\/\/www.maxschoenherr.de\/clock\/wp-content\/uploads\/2013\/08\/arnis-ortsende-foto-von-maximilian-sch\u00f6nherr.jpg 784w, https:\/\/www.maxschoenherr.de\/clock\/wp-content\/uploads\/2013\/08\/arnis-ortsende-foto-von-maximilian-sch\u00f6nherr-300x168.jpg 300w\" sizes=\"auto, (max-width: 784px) 100vw, 784px\" \/><\/a><\/p>\n<p style=\"text-align: left;\">im herbst 2011 schickte mich mein freund und kollege detlef clas, abteilungsleiter &#8222;wissen&#8220; im SWR, in die kleinste stadt deutschlands. eigentlich wollte ich nicht so weit nach norden in die provinz fahren, <a title=\"arnis-sendung im SWR\" href=\"http:\/\/www.swr.de\/swr2\/wissen\/-\/id=661224\/cat=1\/pic=3\/nid=661224\/did=9017416\/pv=gallery\/95cd10\/\" target=\"_blank\">tat es dann aber doch<\/a>\u00a0&#8211; vermutlich, weil ich es mich reizte, mal eine ganz andere sendung zu machen, eben das portrait einer eher langweiligen stadt.<\/p>\n<p>bis kiel mit dem zug, dann mietwagen. <a title=\"arnis webseite\" href=\"http:\/\/arnis.de\/\" target=\"_blank\">arnis<\/a> liegt nah an der d\u00e4nischen grenze und besteht aus einer einzigen stra\u00dfe. dass arnis stadtstatus hat, ist eher einem zufall zu verdanken. 50 jahre lange hie\u00df arnis sogar &#8222;bad arnis&#8220; &#8211; wegen eines missverst\u00e4ndnisses. sie sendung kl\u00e4rt das auf.<\/p>\n<p>die musik basiert auf einem subbass und einer hammondorgel. ich habe diese beiden musikelemente komponiert, um die ernsthafte tiefe der leute zu unterstreichen, aber auch das kabarettistische meiner ortserkundung. bei der produktion habe ich eine technik verwendet, die nicht immer funktioniert: das akutische verschr\u00e4nken mehrerer erz\u00e4hlebenen. zum beispiel erz\u00e4hlt der stadtarchivar von kappeln, peter wengel, \u00fcber die stadtgeschichte, w\u00e4hrend man h\u00f6rt, wie ich mit b\u00fcrgermeister bernd kugler in die stadtkirche gehe und er anf\u00e4ngt, \u00fcber die seebestattung seines gro\u00dfvaters zu reden. was mir nicht ganz gelang, war, einen bogen zum ende hin zu finden. es bot sich &#8211; anders als bei der <a title=\"steinbach, manitoba - deutschlandfunk\" href=\"http:\/\/www.dradio.de\/dlf\/sendungen\/dasfeature\/2169773\/\" target=\"_blank\">steinbach\/manitoba-sendung<\/a> &#8211; nichts daf\u00fcr an. bei der steinbach-sendung setzt helene hoffmann einen schlussakzent mit einer un\u00fcbertrefflich komischen, das ganze einwanderungsuniversum umfassenden kleinen geschichte, die sie lachend erz\u00e4hlt. die arnis-sendung pl\u00e4stschert irgendwie aus. nicht weiter schlimm. wie das pl\u00e4tschern des wassers eben.<\/p>\n<p>weil ich die sendung jetzt, mit abstand von zwei jahren, mal wieder geh\u00f6rt habe und zu ihr stehe, f\u00fcr alle ewigkeit hier nochmal:<\/p>\n<p>[soundcloud url=&#8220;http:\/\/api.soundcloud.com\/tracks\/107554205&#8243; params=&#8220;&#8220; width=&#8220; 100%&#8220; height=&#8220;166&#8243; iframe=&#8220;true&#8220; \/]<\/p>\n","protected":false},"excerpt":{"rendered":"<p>im herbst 2011 schickte mich mein freund und kollege detlef clas, abteilungsleiter &#8222;wissen&#8220; im SWR, in die kleinste stadt deutschlands. eigentlich wollte ich nicht so weit nach norden in die provinz fahren, tat es dann aber doch\u00a0&#8211; vermutlich, weil ich es mich reizte, mal eine ganz andere sendung zu machen, eben das portrait einer eher [&hellip;]<\/p>\n","protected":false},"author":2,"featured_media":0,"comment_status":"closed","ping_status":"open","sticky":false,"template":"","format":"standard","meta":{"footnotes":""},"categories":[4],"tags":[],"class_list":["post-287","post","type-post","status-publish","format-standard","hentry","category-dramolette"],"wp-worthy-pixel":{"ignored":false,"public":"9af43567d0a5487daabe068a28cbb741","server":"vg05.met.vgwort.de","url":"https:\/\/vg05.met.vgwort.de\/na\/9af43567d0a5487daabe068a28cbb741"},"wp-worthy-type":"normal","_links":{"self":[{"href":"https:\/\/www.maxschoenherr.de\/clock\/wp-json\/wp\/v2\/posts\/287","targetHints":{"allow":["GET"]}}],"collection":[{"href":"https:\/\/www.maxschoenherr.de\/clock\/wp-json\/wp\/v2\/posts"}],"about":[{"href":"https:\/\/www.maxschoenherr.de\/clock\/wp-json\/wp\/v2\/types\/post"}],"author":[{"embeddable":true,"href":"https:\/\/www.maxschoenherr.de\/clock\/wp-json\/wp\/v2\/users\/2"}],"replies":[{"embeddable":true,"href":"https:\/\/www.maxschoenherr.de\/clock\/wp-json\/wp\/v2\/comments?post=287"}],"version-history":[{"count":6,"href":"https:\/\/www.maxschoenherr.de\/clock\/wp-json\/wp\/v2\/posts\/287\/revisions"}],"predecessor-version":[{"id":295,"href":"https:\/\/www.maxschoenherr.de\/clock\/wp-json\/wp\/v2\/posts\/287\/revisions\/295"}],"wp:attachment":[{"href":"https:\/\/www.maxschoenherr.de\/clock\/wp-json\/wp\/v2\/media?parent=287"}],"wp:term":[{"taxonomy":"category","embeddable":true,"href":"https:\/\/www.maxschoenherr.de\/clock\/wp-json\/wp\/v2\/categories?post=287"},{"taxonomy":"post_tag","embeddable":true,"href":"https:\/\/www.maxschoenherr.de\/clock\/wp-json\/wp\/v2\/tags?post=287"}],"curies":[{"name":"wp","href":"https:\/\/api.w.org\/{rel}","templated":true}]}}