{"id":2820,"date":"2014-08-24T23:34:00","date_gmt":"2014-08-24T21:34:00","guid":{"rendered":"http:\/\/www.maxschoenherr.de\/clock\/?p=2820"},"modified":"2014-08-25T18:01:40","modified_gmt":"2014-08-25T16:01:40","slug":"ddr-geschichte-rechtsradikalismus-ab-1983","status":"publish","type":"post","link":"https:\/\/www.maxschoenherr.de\/clock\/ddr-geschichte-rechtsradikalismus-ab-1983\/","title":{"rendered":"ddr-geschichte | rechtsradikalismus ab 1983"},"content":{"rendered":"<p style=\"text-align: justify;\">manche wikipedia-artikel sind so rund und tief und gut, dass ich mich nur ungern einmische. aber als ich im NSU-untersuchungsausschuss-bericht des th\u00fcringischen landtags las, wunderte ich mich, dass das thema rechtsextremismus im wikipedia-artikel \u00fcber die geschichte der DDR nicht vorkam. <a title=\"rechtsextremimus im DDR-geschichte-artikel der wikipedia\" href=\"https:\/\/de.wikipedia.org\/wiki\/Geschichte_der_Deutschen_Demokratischen_Republik\" target=\"_blank\">jetzt ist es drin<\/a>, mal gucken, ob es bleibt, denn der artikel ist, sagen wir mal &#8222;empfindlich&#8220;. nicht wegen der kritik am rechtsradikalismus, sondern weil er (der artikel) eben so sch\u00f6n rund und tief und eigentlich fertig wirkt.<\/p>\n<p style=\"text-align: justify;\">die DDR-f\u00fchrung hat vieles verpennt. schon im beginn der DDR lag das verh\u00e4ngnis: wir sind sozialisten, also kann es keine faschisten geben. daraus wurde wenig sp\u00e4ter (teilweise zurecht): die faschisten bl\u00fchen im westen, bei uns hat der faschismus keinen platz. nach 35 jahren DDR dachten sich die mielkes und honeckers, in unserem sozialismus kann es keine faschos geben, und das was wir da sehen, ist eine zeiterscheinung, die vor\u00fcbergeht, \u00fcberwachen und verurteilen wir mal lieber die milden t\u00e4ter \u00e0 la biermann mit den l\u00e4ngeren haaren.<\/p>\n<p style=\"text-align: justify;\">im <a title=\"nsu untersuchungsausschuss, schlussbericht, th\u00fcringen\" href=\"http:\/\/www.thueringer-landtag.de\/landtag\/gremien-und-rechtsgrundlagen\/sonstige-gremien\/untersuchungsausschuss_5_1\/\" target=\"_blank\">hier nachzulesenden 2000 seiten dicken bericht des untersuchungsausschusses <\/a>wird kein gutes haar am umgang der DDR mit ihren rechtsradikalen gelassen.<\/p>\n","protected":false},"excerpt":{"rendered":"<p>manche wikipedia-artikel sind so rund und tief und gut, dass ich mich nur ungern einmische. aber als ich im NSU-untersuchungsausschuss-bericht des th\u00fcringischen landtags las, wunderte ich mich, dass das thema rechtsextremismus im wikipedia-artikel \u00fcber die geschichte der DDR nicht vorkam. jetzt ist es drin, mal gucken, ob es bleibt, denn der artikel ist, sagen wir [&hellip;]<\/p>\n","protected":false},"author":2,"featured_media":0,"comment_status":"closed","ping_status":"open","sticky":false,"template":"","format":"standard","meta":{"footnotes":""},"categories":[1,631],"tags":[142,994,993,992,995],"class_list":["post-2820","post","type-post","status-publish","format-standard","hentry","category-allgemein","category-wikipedia-2","tag-aufarbeitung","tag-ddr-geschichte","tag-rechtsradikalimus","tag-skinhead","tag-untersuchungsausschuss"],"wp-worthy-pixel":{"ignored":false,"public":null,"server":null,"url":null},"wp-worthy-type":"normal","_links":{"self":[{"href":"https:\/\/www.maxschoenherr.de\/clock\/wp-json\/wp\/v2\/posts\/2820","targetHints":{"allow":["GET"]}}],"collection":[{"href":"https:\/\/www.maxschoenherr.de\/clock\/wp-json\/wp\/v2\/posts"}],"about":[{"href":"https:\/\/www.maxschoenherr.de\/clock\/wp-json\/wp\/v2\/types\/post"}],"author":[{"embeddable":true,"href":"https:\/\/www.maxschoenherr.de\/clock\/wp-json\/wp\/v2\/users\/2"}],"replies":[{"embeddable":true,"href":"https:\/\/www.maxschoenherr.de\/clock\/wp-json\/wp\/v2\/comments?post=2820"}],"version-history":[{"count":6,"href":"https:\/\/www.maxschoenherr.de\/clock\/wp-json\/wp\/v2\/posts\/2820\/revisions"}],"predecessor-version":[{"id":2826,"href":"https:\/\/www.maxschoenherr.de\/clock\/wp-json\/wp\/v2\/posts\/2820\/revisions\/2826"}],"wp:attachment":[{"href":"https:\/\/www.maxschoenherr.de\/clock\/wp-json\/wp\/v2\/media?parent=2820"}],"wp:term":[{"taxonomy":"category","embeddable":true,"href":"https:\/\/www.maxschoenherr.de\/clock\/wp-json\/wp\/v2\/categories?post=2820"},{"taxonomy":"post_tag","embeddable":true,"href":"https:\/\/www.maxschoenherr.de\/clock\/wp-json\/wp\/v2\/tags?post=2820"}],"curies":[{"name":"wp","href":"https:\/\/api.w.org\/{rel}","templated":true}]}}