{"id":2584,"date":"2014-08-06T23:28:11","date_gmt":"2014-08-06T21:28:11","guid":{"rendered":"http:\/\/www.maxschoenherr.de\/clock\/?p=2584"},"modified":"2014-08-07T10:49:58","modified_gmt":"2014-08-07T08:49:58","slug":"reklame-hype-1929","status":"publish","type":"post","link":"https:\/\/www.maxschoenherr.de\/clock\/reklame-hype-1929\/","title":{"rendered":"reklame-hype | 1929"},"content":{"rendered":"<p>auch darauf stie\u00df ich gestern in der uni-bibliothek von k\u00f6ln. eine festschrift zu einer tagung des zeitungs-verlags \u00fcber die bedeutung der reklame. hier das cover und eine werbung f\u00fcr die hygiene-ausstellung in dresden 1930 aus demselben heft.<\/p>\n<p style=\"text-align: center;\"><a href=\"http:\/\/www.maxschoenherr.de\/clock\/wp-content\/uploads\/2014\/08\/weltmacht-reklame-1929.jpg\"><img loading=\"lazy\" decoding=\"async\" class=\"aligncenter wp-image-2585 size-medium\" src=\"http:\/\/www.maxschoenherr.de\/clock\/wp-content\/uploads\/2014\/08\/weltmacht-reklame-1929-216x300.jpg\" alt=\"weltmacht-reklame-1929\" width=\"216\" height=\"300\" srcset=\"https:\/\/www.maxschoenherr.de\/clock\/wp-content\/uploads\/2014\/08\/weltmacht-reklame-1929-216x300.jpg 216w, https:\/\/www.maxschoenherr.de\/clock\/wp-content\/uploads\/2014\/08\/weltmacht-reklame-1929-739x1024.jpg 739w, https:\/\/www.maxschoenherr.de\/clock\/wp-content\/uploads\/2014\/08\/weltmacht-reklame-1929.jpg 1000w\" sizes=\"auto, (max-width: 216px) 100vw, 216px\" \/><\/a><em>festschrift, dreisprachig, zum reklamekongress 1929 in berlin. titelblatt<\/em><\/p>\n<p style=\"text-align: center;\"><a href=\"http:\/\/www.maxschoenherr.de\/clock\/wp-content\/uploads\/2014\/08\/Hyiene-Ausstellung-Berlin-1930.jpg\"><img loading=\"lazy\" decoding=\"async\" class=\"aligncenter wp-image-2586 size-medium\" src=\"http:\/\/www.maxschoenherr.de\/clock\/wp-content\/uploads\/2014\/08\/Hyiene-Ausstellung-Berlin-1930-203x300.jpg\" alt=\"Hyiene-Ausstellung-Berlin-1930\" width=\"203\" height=\"300\" srcset=\"https:\/\/www.maxschoenherr.de\/clock\/wp-content\/uploads\/2014\/08\/Hyiene-Ausstellung-Berlin-1930-203x300.jpg 203w, https:\/\/www.maxschoenherr.de\/clock\/wp-content\/uploads\/2014\/08\/Hyiene-Ausstellung-Berlin-1930-694x1024.jpg 694w, https:\/\/www.maxschoenherr.de\/clock\/wp-content\/uploads\/2014\/08\/Hyiene-Ausstellung-Berlin-1930.jpg 1000w\" sizes=\"auto, (max-width: 203px) 100vw, 203px\" \/><\/a><em>reklame f\u00fcr die hygiene-ausstellung in dresden im oktober 1930 im selben heft<\/em><\/p>\n","protected":false},"excerpt":{"rendered":"<p>auch darauf stie\u00df ich gestern in der uni-bibliothek von k\u00f6ln. eine festschrift zu einer tagung des zeitungs-verlags \u00fcber die bedeutung der reklame. hier das cover und eine werbung f\u00fcr die hygiene-ausstellung in dresden 1930 aus demselben heft. festschrift, dreisprachig, zum reklamekongress 1929 in berlin. titelblatt reklame f\u00fcr die hygiene-ausstellung in dresden im oktober 1930 im [&hellip;]<\/p>\n","protected":false},"author":2,"featured_media":0,"comment_status":"closed","ping_status":"open","sticky":false,"template":"","format":"standard","meta":{"footnotes":""},"categories":[1,248],"tags":[912,914,911,913,121],"class_list":["post-2584","post","type-post","status-publish","format-standard","hentry","category-allgemein","category-historisches","tag-20er-jahre","tag-aesthetik","tag-reklame","tag-typografie","tag-werbung"],"wp-worthy-pixel":{"ignored":false,"public":null,"server":null,"url":null},"wp-worthy-type":"normal","_links":{"self":[{"href":"https:\/\/www.maxschoenherr.de\/clock\/wp-json\/wp\/v2\/posts\/2584","targetHints":{"allow":["GET"]}}],"collection":[{"href":"https:\/\/www.maxschoenherr.de\/clock\/wp-json\/wp\/v2\/posts"}],"about":[{"href":"https:\/\/www.maxschoenherr.de\/clock\/wp-json\/wp\/v2\/types\/post"}],"author":[{"embeddable":true,"href":"https:\/\/www.maxschoenherr.de\/clock\/wp-json\/wp\/v2\/users\/2"}],"replies":[{"embeddable":true,"href":"https:\/\/www.maxschoenherr.de\/clock\/wp-json\/wp\/v2\/comments?post=2584"}],"version-history":[{"count":3,"href":"https:\/\/www.maxschoenherr.de\/clock\/wp-json\/wp\/v2\/posts\/2584\/revisions"}],"predecessor-version":[{"id":2589,"href":"https:\/\/www.maxschoenherr.de\/clock\/wp-json\/wp\/v2\/posts\/2584\/revisions\/2589"}],"wp:attachment":[{"href":"https:\/\/www.maxschoenherr.de\/clock\/wp-json\/wp\/v2\/media?parent=2584"}],"wp:term":[{"taxonomy":"category","embeddable":true,"href":"https:\/\/www.maxschoenherr.de\/clock\/wp-json\/wp\/v2\/categories?post=2584"},{"taxonomy":"post_tag","embeddable":true,"href":"https:\/\/www.maxschoenherr.de\/clock\/wp-json\/wp\/v2\/tags?post=2584"}],"curies":[{"name":"wp","href":"https:\/\/api.w.org\/{rel}","templated":true}]}}