{"id":2427,"date":"2014-07-24T16:35:41","date_gmt":"2014-07-24T14:35:41","guid":{"rendered":"http:\/\/www.maxschoenherr.de\/clock\/?p=2427"},"modified":"2014-07-24T22:54:15","modified_gmt":"2014-07-24T20:54:15","slug":"radio-web-1928-wie-recheriert-man-sowas","status":"publish","type":"post","link":"https:\/\/www.maxschoenherr.de\/clock\/radio-web-1928-wie-recheriert-man-sowas\/","title":{"rendered":"Radio-Web 1928 | wie recheriert man sowas?"},"content":{"rendered":"<p style=\"text-align: center;\"><a href=\"http:\/\/www.maxschoenherr.de\/clock\/wp-content\/uploads\/2014\/07\/Die_Sendung_Nov1928_Titelblatt.jpg\"><img loading=\"lazy\" decoding=\"async\" class=\"aligncenter size-medium wp-image-2428\" src=\"http:\/\/www.maxschoenherr.de\/clock\/wp-content\/uploads\/2014\/07\/Die_Sendung_Nov1928_Titelblatt-210x300.jpg\" alt=\"Die_Sendung_Nov1928_Titelblatt\" width=\"210\" height=\"300\" srcset=\"https:\/\/www.maxschoenherr.de\/clock\/wp-content\/uploads\/2014\/07\/Die_Sendung_Nov1928_Titelblatt-210x300.jpg 210w, https:\/\/www.maxschoenherr.de\/clock\/wp-content\/uploads\/2014\/07\/Die_Sendung_Nov1928_Titelblatt-718x1024.jpg 718w, https:\/\/www.maxschoenherr.de\/clock\/wp-content\/uploads\/2014\/07\/Die_Sendung_Nov1928_Titelblatt.jpg 983w\" sizes=\"auto, (max-width: 210px) 100vw, 210px\" \/><\/a><em>&#8222;Die Sendung \/ Rundfunkwoche&#8220; vom november 1928<\/em><\/p>\n<p style=\"text-align: justify;\">in dieser letzte woche ersteigerte ich f\u00fcr 1 \u20ac diese rundfunkzeitschrift von 1928. sie wurde vom <a title=\"hermann reckendorf verlag in der wikipedia\" href=\"https:\/\/de.wikipedia.org\/wiki\/Verlag_Hermann_Reckendorf\" target=\"_blank\">verlag hermann reckendorf<\/a>, berlin, herausgegeben und war eine der ersten deutschen rundfunkzeitschriften \u00fcberhaupt, vielleicht sogar <em>die erste<\/em>. hermann reckendorf geriet nicht nur als jude, sondern auch als verlagschef f\u00fcr progressive zeitschriften mit den nazis in konflikt. sie enteigneten ihn bereits 1933; im selben jahr, wahrscheinlicher aber 1936 nahm sich reckendorf das leben.<\/p>\n<p>in dieser ausgabe, die eher zuf\u00e4llig zu mir (und dadurch jetzt in die <a title=\"zeitschrift &quot;die sendung&quot; in den wiki commons\" href=\"https:\/\/commons.wikimedia.org\/wiki\/File:Zeitschrift_%22Die_Sendung%22_-_16._November_1928_-Titelblatt.jpg\" target=\"_blank\">wiki commons<\/a> und dadurch in die wikipedia) kam, gibt es eine werbeanzeige der firma RADIO-WEB. erstaunlicher name! die firma bot alles ums neue medium radio herum an, von katalogen \u00fcber lehrb\u00fccher bis zum kostenlosen aufladen des radio-akkus \u2013 denn das ans stromnetz angeschlossene rundfunkger\u00e4t kam erst in den 1930er jahren auf. hier die werbung:<\/p>\n<p style=\"text-align: center;\"><a href=\"http:\/\/www.maxschoenherr.de\/clock\/wp-content\/uploads\/2014\/07\/Radio-Web_1928.jpg\"><img loading=\"lazy\" decoding=\"async\" class=\"aligncenter size-medium wp-image-2429\" src=\"http:\/\/www.maxschoenherr.de\/clock\/wp-content\/uploads\/2014\/07\/Radio-Web_1928-300x162.jpg\" alt=\"Radio-Web_1928\" width=\"300\" height=\"162\" srcset=\"https:\/\/www.maxschoenherr.de\/clock\/wp-content\/uploads\/2014\/07\/Radio-Web_1928-300x162.jpg 300w, https:\/\/www.maxschoenherr.de\/clock\/wp-content\/uploads\/2014\/07\/Radio-Web_1928-1024x553.jpg 1024w, https:\/\/www.maxschoenherr.de\/clock\/wp-content\/uploads\/2014\/07\/Radio-Web_1928.jpg 1400w\" sizes=\"auto, (max-width: 300px) 100vw, 300px\" \/><\/a><em>&#8222;Radio-Web&#8220; 65 jahre vor dem world wide web<\/em><\/p>\n<p style=\"text-align: justify;\">was hatte es damit auf sich? in der anzeige ist die postadresse zu lesen: <em>WEB-Haus, Berlin S42<\/em> [also Kreuzberg], <em>Prinzessinnenstr. 16<\/em>. bei der bildersuche nach dieser adresse findet man nur neue, nach dem krieg gebaute h\u00e4user, nichts deutet auf ein web-haus hin. die web-suche nach &#8222;radio-web&#8220; bringt auch nichts: vor allem kaufangebote f\u00fcr internetradios und tausendfach &#8222;web 2.0&#8220;. eine suche angesichts eines so prominenten worts (web) ist \u00e4hnlich kompliziert wie die nach einem stefan schmidt oder peter brook.<\/p>\n<p>in solchen f\u00e4llen lohnt sich die suche in den digitalen bibliotheken, zu allererst also bei <em>google books<\/em>. dort findet man unter der postadresse zwar kein &#8222;web-haus&#8220;, aber immerhin kein world wide web, sondern den ein oder anderen handwerklichen betrieb, zum beispiel einen, der pharmazeutische ger\u00e4te herstellte. gibt man in google books w\u00f6rtlich ein: &#8222;berlin radio-web&#8220;, so kommt zuerst ein fachbuch \u00fcber alfred d\u00f6blins (auch ein jude, der 1933 mit den nazis schwierigkeiten bekam und auswanderte) roman &#8222;<a title=\"berlin alexanderplatz (roman) in der wikipedia\" href=\"https:\/\/de.wikipedia.org\/wiki\/Berlin_Alexanderplatz_%28Roman%29\" target=\"_blank\">berlin alexanderplatz<\/a>&#8222;. die autorin, anke detken (heute \u2192 <a title=\"anke detken, uni g\u00f6ttingen\" href=\"https:\/\/www.uni-goettingen.de\/de\/detken-anke-apl-prof-dr-\/11738.html\" target=\"_blank\">literaturprofessorin in g\u00f6ttingen<\/a>) merkt an, dass einige namen von berliner lokalit\u00e4ten in der franz\u00f6sischen \u00fcbersetzung des buchs weggelassen wurden, unter anderem die erw\u00e4hnung des &#8222;web-hauses&#8220;:<\/p>\n<p style=\"text-align: center;\"><a href=\"http:\/\/www.maxschoenherr.de\/clock\/wp-content\/uploads\/2014\/07\/berlin-alexanderplatz-radio-web-haus.jpg\"><img loading=\"lazy\" decoding=\"async\" class=\"aligncenter size-full wp-image-2430\" src=\"http:\/\/www.maxschoenherr.de\/clock\/wp-content\/uploads\/2014\/07\/berlin-alexanderplatz-radio-web-haus.jpg\" alt=\"berlin-alexanderplatz-radio-web-haus\" width=\"550\" height=\"206\" srcset=\"https:\/\/www.maxschoenherr.de\/clock\/wp-content\/uploads\/2014\/07\/berlin-alexanderplatz-radio-web-haus.jpg 550w, https:\/\/www.maxschoenherr.de\/clock\/wp-content\/uploads\/2014\/07\/berlin-alexanderplatz-radio-web-haus-300x112.jpg 300w\" sizes=\"auto, (max-width: 550px) 100vw, 550px\" \/><\/a><em>anke detken: d\u00f6blins berlin alexander platz \u00fcbersetzt. palaestra, band 299<br \/>\n<\/em><\/p>\n<p style=\"text-align: justify;\">in der online lesbaren &#8222;fischer klassik plus&#8220;-ausgabe von d\u00f6blins roman findet sich genau diese stelle:<\/p>\n<p style=\"padding-left: 30px; text-align: justify;\">&#8222;Gegen\u00fcber am H\u00e4uschen von Radio Web \u2013 bis auf weiteres laden wir einen Akku gratis \u2013 steht ein blasses Fr\u00e4ulein &#8230;&#8220;<\/p>\n<p style=\"text-align: justify;\">in anderen b\u00fcchern \u00fcber d\u00f6blins alexanderplatz werden die derlei lokalit\u00e4ten n\u00e4her untersucht; dabei kommt heraus, dass radio-web eine <em>gmbh<\/em> war. an anderer stelle lese ich, dass es m\u00f6glicherweise fachliteratur <em>aus<\/em> diesem radio-web-h\u00e4uschen gab:<\/p>\n<p style=\"text-align: justify;\"><a href=\"http:\/\/www.maxschoenherr.de\/clock\/wp-content\/uploads\/2014\/07\/b\u00fcscher-1938.jpg\"><img loading=\"lazy\" decoding=\"async\" class=\"aligncenter size-full wp-image-2431\" src=\"http:\/\/www.maxschoenherr.de\/clock\/wp-content\/uploads\/2014\/07\/b\u00fcscher-1938.jpg\" alt=\"b\u00fcscher-1938\" width=\"521\" height=\"65\" srcset=\"https:\/\/www.maxschoenherr.de\/clock\/wp-content\/uploads\/2014\/07\/b\u00fcscher-1938.jpg 521w, https:\/\/www.maxschoenherr.de\/clock\/wp-content\/uploads\/2014\/07\/b\u00fcscher-1938-300x37.jpg 300w\" sizes=\"auto, (max-width: 521px) 100vw, 521px\" \/><\/a>den &#8222;H. B\u00fcscher&#8220; kann ich nirgends finden. f\u00fchrt jetzt auch zu weit&#8230;<\/p>\n<p style=\"text-align: justify;\">zur\u00fcck zur zeitschrift. sie verstand, f\u00fcr die zeit ganz typisch, unter dem rundfunkh\u00f6rer den radiobastler. menschen ohne technik-affinit\u00e4t konnten sich f\u00fcr den rundfunk 1928 noch nicht so richtig erw\u00e4rmen.<\/p>\n<p style=\"text-align: center;\"><a href=\"http:\/\/www.maxschoenherr.de\/clock\/wp-content\/uploads\/2014\/07\/die-sendung-november-1928-seite-604.jpg\"><img loading=\"lazy\" decoding=\"async\" class=\"aligncenter size-large wp-image-2432\" src=\"http:\/\/www.maxschoenherr.de\/clock\/wp-content\/uploads\/2014\/07\/die-sendung-november-1928-seite-604-693x1024.jpg\" alt=\"die-sendung - november 1928 - seite-604\" width=\"640\" height=\"945\" srcset=\"https:\/\/www.maxschoenherr.de\/clock\/wp-content\/uploads\/2014\/07\/die-sendung-november-1928-seite-604-693x1024.jpg 693w, https:\/\/www.maxschoenherr.de\/clock\/wp-content\/uploads\/2014\/07\/die-sendung-november-1928-seite-604-203x300.jpg 203w, https:\/\/www.maxschoenherr.de\/clock\/wp-content\/uploads\/2014\/07\/die-sendung-november-1928-seite-604.jpg 1000w\" sizes=\"auto, (max-width: 640px) 100vw, 640px\" \/><\/a><em>&#8222;die sendung&#8220;, s. 604: schaltpl\u00e4ne f\u00fcr den radiobetrieb<\/em><\/p>\n<h1 id=\"title\" class=\"a-size-large a-spacing-none\"><span id=\"productTitle\" class=\"a-size-large\">\u00a0<\/span><\/h1>\n","protected":false},"excerpt":{"rendered":"<p>&#8222;Die Sendung \/ Rundfunkwoche&#8220; vom november 1928 in dieser letzte woche ersteigerte ich f\u00fcr 1 \u20ac diese rundfunkzeitschrift von 1928. sie wurde vom verlag hermann reckendorf, berlin, herausgegeben und war eine der ersten deutschen rundfunkzeitschriften \u00fcberhaupt, vielleicht sogar die erste. hermann reckendorf geriet nicht nur als jude, sondern auch als verlagschef f\u00fcr progressive zeitschriften mit [&hellip;]<\/p>\n","protected":false},"author":2,"featured_media":0,"comment_status":"closed","ping_status":"open","sticky":false,"template":"","format":"standard","meta":{"footnotes":""},"categories":[1,248,4,631],"tags":[544,857,74,856,241,213,855,212,858,854],"class_list":["post-2427","post","type-post","status-publish","format-standard","hentry","category-allgemein","category-historisches","category-dramolette","category-wikipedia-2","tag-akku","tag-alexanderplatz","tag-bastler","tag-doeblin","tag-programmzeitschrift","tag-radio","tag-roehren","tag-rundfunkgeschichte","tag-websuche","tag-zeitschriften"],"wp-worthy-pixel":{"ignored":false,"public":"f5b07f301f974f208a14b2db9bc45ef7","server":"vg01.met.vgwort.de","url":"https:\/\/vg01.met.vgwort.de\/na\/f5b07f301f974f208a14b2db9bc45ef7"},"wp-worthy-type":"normal","_links":{"self":[{"href":"https:\/\/www.maxschoenherr.de\/clock\/wp-json\/wp\/v2\/posts\/2427","targetHints":{"allow":["GET"]}}],"collection":[{"href":"https:\/\/www.maxschoenherr.de\/clock\/wp-json\/wp\/v2\/posts"}],"about":[{"href":"https:\/\/www.maxschoenherr.de\/clock\/wp-json\/wp\/v2\/types\/post"}],"author":[{"embeddable":true,"href":"https:\/\/www.maxschoenherr.de\/clock\/wp-json\/wp\/v2\/users\/2"}],"replies":[{"embeddable":true,"href":"https:\/\/www.maxschoenherr.de\/clock\/wp-json\/wp\/v2\/comments?post=2427"}],"version-history":[{"count":4,"href":"https:\/\/www.maxschoenherr.de\/clock\/wp-json\/wp\/v2\/posts\/2427\/revisions"}],"predecessor-version":[{"id":2444,"href":"https:\/\/www.maxschoenherr.de\/clock\/wp-json\/wp\/v2\/posts\/2427\/revisions\/2444"}],"wp:attachment":[{"href":"https:\/\/www.maxschoenherr.de\/clock\/wp-json\/wp\/v2\/media?parent=2427"}],"wp:term":[{"taxonomy":"category","embeddable":true,"href":"https:\/\/www.maxschoenherr.de\/clock\/wp-json\/wp\/v2\/categories?post=2427"},{"taxonomy":"post_tag","embeddable":true,"href":"https:\/\/www.maxschoenherr.de\/clock\/wp-json\/wp\/v2\/tags?post=2427"}],"curies":[{"name":"wp","href":"https:\/\/api.w.org\/{rel}","templated":true}]}}